{"id":997,"date":"2016-07-25T21:15:02","date_gmt":"2016-07-25T21:15:02","guid":{"rendered":"http:\/\/www.alfonsoromero.com\/blog\/?p=997"},"modified":"2017-10-02T05:17:51","modified_gmt":"2017-10-02T05:17:51","slug":"autorretrato-de-juventud","status":"publish","type":"post","link":"http:\/\/www.alfonsoromero.com\/blog\/obras\/retratos\/autorretrato-de-juventud\/","title":{"rendered":"Autorretrato de juventud"},"content":{"rendered":"<p>Hoy os traigo un autorretrato del natural que me hice en los primeros a\u00f1os estudiando en la Universidad de San Carlos de Valencia. Se trata de un retrato de corte cl\u00e1sico y con un ambiente m\u00edstico. Es uno de los autorretratos que m\u00e1s me gusta porque resume muchas cosas de aquella \u00e9poca. Me siento bastante identificado.<\/p>\n<p><a href=\"http:\/\/www.alfonsoromero.com\/blog\/wp-content\/uploads\/2017\/09\/Autorretrato.jpg\" target=\"_blank\" rel=\"noopener\"><img decoding=\"async\" loading=\"lazy\" class=\"aligncenter wp-image-998 size-large\" src=\"http:\/\/www.alfonsoromero.com\/blog\/wp-content\/uploads\/2017\/09\/Autorretrato-849x1024.jpg\" alt=\"\" width=\"750\" height=\"905\" srcset=\"http:\/\/www.alfonsoromero.com\/blog\/wp-content\/uploads\/2017\/09\/Autorretrato-849x1024.jpg 849w, http:\/\/www.alfonsoromero.com\/blog\/wp-content\/uploads\/2017\/09\/Autorretrato-249x300.jpg 249w, http:\/\/www.alfonsoromero.com\/blog\/wp-content\/uploads\/2017\/09\/Autorretrato-768x927.jpg 768w, http:\/\/www.alfonsoromero.com\/blog\/wp-content\/uploads\/2017\/09\/Autorretrato.jpg 1880w\" sizes=\"(max-width: 750px) 100vw, 750px\" \/><\/a><\/p>\n<p>Desgraciadamente sufri\u00f3 bastante con el tiempo y sobre todo con una inundaci\u00f3n en casa de mi madre donde utilic\u00e9 el cuadro como barrera para que no entrara el agua. \ud83d\ude41<\/p>\n<p>&nbsp;<\/p>\n","protected":false},"excerpt":{"rendered":"<p>Hoy os traigo un autorretrato del natural que me hice en los primeros a\u00f1os estudiando en la Universidad de San Carlos de Valencia. Se trata de un retrato de corte cl\u00e1sico y con un ambiente m\u00edstico. Es uno de los autorretratos que m\u00e1s me gusta porque resume muchas cosas de aquella \u00e9poca. Me siento bastante [&hellip;]<\/p>\n","protected":false},"author":1,"featured_media":1002,"comment_status":"open","ping_status":"open","sticky":false,"template":"","format":"standard","meta":[],"categories":[9,5],"tags":[28,39],"_links":{"self":[{"href":"http:\/\/www.alfonsoromero.com\/blog\/wp-json\/wp\/v2\/posts\/997"}],"collection":[{"href":"http:\/\/www.alfonsoromero.com\/blog\/wp-json\/wp\/v2\/posts"}],"about":[{"href":"http:\/\/www.alfonsoromero.com\/blog\/wp-json\/wp\/v2\/types\/post"}],"author":[{"embeddable":true,"href":"http:\/\/www.alfonsoromero.com\/blog\/wp-json\/wp\/v2\/users\/1"}],"replies":[{"embeddable":true,"href":"http:\/\/www.alfonsoromero.com\/blog\/wp-json\/wp\/v2\/comments?post=997"}],"version-history":[{"count":1,"href":"http:\/\/www.alfonsoromero.com\/blog\/wp-json\/wp\/v2\/posts\/997\/revisions"}],"predecessor-version":[{"id":1000,"href":"http:\/\/www.alfonsoromero.com\/blog\/wp-json\/wp\/v2\/posts\/997\/revisions\/1000"}],"wp:featuredmedia":[{"embeddable":true,"href":"http:\/\/www.alfonsoromero.com\/blog\/wp-json\/wp\/v2\/media\/1002"}],"wp:attachment":[{"href":"http:\/\/www.alfonsoromero.com\/blog\/wp-json\/wp\/v2\/media?parent=997"}],"wp:term":[{"taxonomy":"category","embeddable":true,"href":"http:\/\/www.alfonsoromero.com\/blog\/wp-json\/wp\/v2\/categories?post=997"},{"taxonomy":"post_tag","embeddable":true,"href":"http:\/\/www.alfonsoromero.com\/blog\/wp-json\/wp\/v2\/tags?post=997"}],"curies":[{"name":"wp","href":"https:\/\/api.w.org\/{rel}","templated":true}]}}