{"id":981,"date":"2016-12-15T20:37:13","date_gmt":"2016-12-15T20:37:13","guid":{"rendered":"http:\/\/www.alfonsoromero.com\/blog\/?p=981"},"modified":"2017-09-25T20:46:10","modified_gmt":"2017-09-25T20:46:10","slug":"terrazas-de-valencia","status":"publish","type":"post","link":"http:\/\/www.alfonsoromero.com\/blog\/obras\/paisajes\/terrazas-de-valencia\/","title":{"rendered":"Terrazas de Valencia"},"content":{"rendered":"<p>En mi \u00faltimo a\u00f1o de estancia en Valencia, mientras realizaba mis estudios en la Facultad de Bellas Artes de San Carlos, hice unos cuadros de las terrazas en los edificios donde viv\u00edamos. Eran unas composiciones donde reinaban las l\u00edneas rectas y las geometr\u00edas. Realmente deseaba convertir la realidad en cuadros abstractos pero conservando la fidelidad a la realidad. Este fue el resultado.<\/p>\n<p><a href=\"http:\/\/www.alfonsoromero.com\/blog\/wp-content\/uploads\/2017\/09\/IMG_2793.jpg\" target=\"_blank\"><img decoding=\"async\" loading=\"lazy\" class=\"aligncenter size-medium wp-image-982\" src=\"http:\/\/www.alfonsoromero.com\/blog\/wp-content\/uploads\/2017\/09\/IMG_2793-158x300.jpg\" alt=\"\" width=\"158\" height=\"300\" srcset=\"http:\/\/www.alfonsoromero.com\/blog\/wp-content\/uploads\/2017\/09\/IMG_2793-158x300.jpg 158w, http:\/\/www.alfonsoromero.com\/blog\/wp-content\/uploads\/2017\/09\/IMG_2793-768x1456.jpg 768w, http:\/\/www.alfonsoromero.com\/blog\/wp-content\/uploads\/2017\/09\/IMG_2793-540x1024.jpg 540w\" sizes=\"(max-width: 158px) 100vw, 158px\" \/><\/a><\/p>\n<p><a href=\"http:\/\/www.alfonsoromero.com\/blog\/wp-content\/uploads\/2017\/09\/IMG_2794.jpg\" target=\"_blank\"><img decoding=\"async\" loading=\"lazy\" class=\"aligncenter size-medium wp-image-983\" src=\"http:\/\/www.alfonsoromero.com\/blog\/wp-content\/uploads\/2017\/09\/IMG_2794-163x300.jpg\" alt=\"\" width=\"163\" height=\"300\" srcset=\"http:\/\/www.alfonsoromero.com\/blog\/wp-content\/uploads\/2017\/09\/IMG_2794-163x300.jpg 163w, http:\/\/www.alfonsoromero.com\/blog\/wp-content\/uploads\/2017\/09\/IMG_2794-768x1418.jpg 768w, http:\/\/www.alfonsoromero.com\/blog\/wp-content\/uploads\/2017\/09\/IMG_2794-555x1024.jpg 555w\" sizes=\"(max-width: 163px) 100vw, 163px\" \/><\/a><\/p>\n<p><a href=\"http:\/\/www.alfonsoromero.com\/blog\/wp-content\/uploads\/2017\/09\/IMG_2795.jpg\" target=\"_blank\"><img decoding=\"async\" loading=\"lazy\" class=\"aligncenter size-medium wp-image-984\" src=\"http:\/\/www.alfonsoromero.com\/blog\/wp-content\/uploads\/2017\/09\/IMG_2795-160x300.jpg\" alt=\"\" width=\"160\" height=\"300\" srcset=\"http:\/\/www.alfonsoromero.com\/blog\/wp-content\/uploads\/2017\/09\/IMG_2795-160x300.jpg 160w, http:\/\/www.alfonsoromero.com\/blog\/wp-content\/uploads\/2017\/09\/IMG_2795-768x1437.jpg 768w, http:\/\/www.alfonsoromero.com\/blog\/wp-content\/uploads\/2017\/09\/IMG_2795-547x1024.jpg 547w\" sizes=\"(max-width: 160px) 100vw, 160px\" \/><\/a><\/p>\n<p><a href=\"http:\/\/www.alfonsoromero.com\/blog\/wp-content\/uploads\/2017\/09\/IMG_2796.jpg\" target=\"_blank\"><img decoding=\"async\" loading=\"lazy\" class=\"aligncenter size-medium wp-image-985\" src=\"http:\/\/www.alfonsoromero.com\/blog\/wp-content\/uploads\/2017\/09\/IMG_2796-164x300.jpg\" alt=\"\" width=\"164\" height=\"300\" srcset=\"http:\/\/www.alfonsoromero.com\/blog\/wp-content\/uploads\/2017\/09\/IMG_2796-164x300.jpg 164w, http:\/\/www.alfonsoromero.com\/blog\/wp-content\/uploads\/2017\/09\/IMG_2796-768x1407.jpg 768w, http:\/\/www.alfonsoromero.com\/blog\/wp-content\/uploads\/2017\/09\/IMG_2796-559x1024.jpg 559w\" sizes=\"(max-width: 164px) 100vw, 164px\" \/><\/a><\/p>\n","protected":false},"excerpt":{"rendered":"<p>En mi \u00faltimo a\u00f1o de estancia en Valencia, mientras realizaba mis estudios en la Facultad de Bellas Artes de San Carlos, hice unos cuadros de las terrazas en los edificios donde viv\u00edamos. Eran unas composiciones donde reinaban las l\u00edneas rectas y las geometr\u00edas. Realmente deseaba convertir la realidad en cuadros abstractos pero conservando la fidelidad [&hellip;]<\/p>\n","protected":false},"author":1,"featured_media":986,"comment_status":"open","ping_status":"open","sticky":false,"template":"","format":"standard","meta":[],"categories":[6],"tags":[28,33,32],"_links":{"self":[{"href":"http:\/\/www.alfonsoromero.com\/blog\/wp-json\/wp\/v2\/posts\/981"}],"collection":[{"href":"http:\/\/www.alfonsoromero.com\/blog\/wp-json\/wp\/v2\/posts"}],"about":[{"href":"http:\/\/www.alfonsoromero.com\/blog\/wp-json\/wp\/v2\/types\/post"}],"author":[{"embeddable":true,"href":"http:\/\/www.alfonsoromero.com\/blog\/wp-json\/wp\/v2\/users\/1"}],"replies":[{"embeddable":true,"href":"http:\/\/www.alfonsoromero.com\/blog\/wp-json\/wp\/v2\/comments?post=981"}],"version-history":[{"count":1,"href":"http:\/\/www.alfonsoromero.com\/blog\/wp-json\/wp\/v2\/posts\/981\/revisions"}],"predecessor-version":[{"id":987,"href":"http:\/\/www.alfonsoromero.com\/blog\/wp-json\/wp\/v2\/posts\/981\/revisions\/987"}],"wp:featuredmedia":[{"embeddable":true,"href":"http:\/\/www.alfonsoromero.com\/blog\/wp-json\/wp\/v2\/media\/986"}],"wp:attachment":[{"href":"http:\/\/www.alfonsoromero.com\/blog\/wp-json\/wp\/v2\/media?parent=981"}],"wp:term":[{"taxonomy":"category","embeddable":true,"href":"http:\/\/www.alfonsoromero.com\/blog\/wp-json\/wp\/v2\/categories?post=981"},{"taxonomy":"post_tag","embeddable":true,"href":"http:\/\/www.alfonsoromero.com\/blog\/wp-json\/wp\/v2\/tags?post=981"}],"curies":[{"name":"wp","href":"https:\/\/api.w.org\/{rel}","templated":true}]}}