{"id":975,"date":"2016-09-25T20:28:04","date_gmt":"2016-09-25T20:28:04","guid":{"rendered":"http:\/\/www.alfonsoromero.com\/blog\/?p=975"},"modified":"2017-09-25T20:37:06","modified_gmt":"2017-09-25T20:37:06","slug":"atardecer-en-la-upct-cartagena","status":"publish","type":"post","link":"http:\/\/www.alfonsoromero.com\/blog\/obras\/paisajes\/atardecer-en-la-upct-cartagena\/","title":{"rendered":"Atardecer en la UPCT &#8211; Cartagena"},"content":{"rendered":"<p>Este es uno de los dibujos que realic\u00e9 en 2010 sobre Cartagena. Utilic\u00e9 l\u00e1pices de grafito de Stadler de diferentes durezas.<\/p>\n<p><a href=\"http:\/\/www.alfonsoromero.com\/blog\/wp-content\/uploads\/2017\/09\/Atardecer-en-la-UPCT_blog.jpg\" target=\"_blank\" rel=\"noopener\"><img decoding=\"async\" class=\"aligncenter size-large wp-image-976\" src=\"http:\/\/www.alfonsoromero.com\/blog\/wp-content\/uploads\/2017\/09\/Atardecer-en-la-UPCT_blog-678x1024.jpg\" alt=\"\" height=\"750\" srcset=\"http:\/\/www.alfonsoromero.com\/blog\/wp-content\/uploads\/2017\/09\/Atardecer-en-la-UPCT_blog-678x1024.jpg 678w, http:\/\/www.alfonsoromero.com\/blog\/wp-content\/uploads\/2017\/09\/Atardecer-en-la-UPCT_blog-199x300.jpg 199w, http:\/\/www.alfonsoromero.com\/blog\/wp-content\/uploads\/2017\/09\/Atardecer-en-la-UPCT_blog-768x1160.jpg 768w, http:\/\/www.alfonsoromero.com\/blog\/wp-content\/uploads\/2017\/09\/Atardecer-en-la-UPCT_blog.jpg 1655w\" sizes=\"(max-width: 678px) 100vw, 678px\" \/><\/a><\/p>\n","protected":false},"excerpt":{"rendered":"<p>Este es uno de los dibujos que realic\u00e9 en 2010 sobre Cartagena. Utilic\u00e9 l\u00e1pices de grafito de Stadler de diferentes durezas.<\/p>\n","protected":false},"author":1,"featured_media":977,"comment_status":"open","ping_status":"open","sticky":false,"template":"","format":"standard","meta":[],"categories":[8,6],"tags":[],"_links":{"self":[{"href":"http:\/\/www.alfonsoromero.com\/blog\/wp-json\/wp\/v2\/posts\/975"}],"collection":[{"href":"http:\/\/www.alfonsoromero.com\/blog\/wp-json\/wp\/v2\/posts"}],"about":[{"href":"http:\/\/www.alfonsoromero.com\/blog\/wp-json\/wp\/v2\/types\/post"}],"author":[{"embeddable":true,"href":"http:\/\/www.alfonsoromero.com\/blog\/wp-json\/wp\/v2\/users\/1"}],"replies":[{"embeddable":true,"href":"http:\/\/www.alfonsoromero.com\/blog\/wp-json\/wp\/v2\/comments?post=975"}],"version-history":[{"count":3,"href":"http:\/\/www.alfonsoromero.com\/blog\/wp-json\/wp\/v2\/posts\/975\/revisions"}],"predecessor-version":[{"id":980,"href":"http:\/\/www.alfonsoromero.com\/blog\/wp-json\/wp\/v2\/posts\/975\/revisions\/980"}],"wp:featuredmedia":[{"embeddable":true,"href":"http:\/\/www.alfonsoromero.com\/blog\/wp-json\/wp\/v2\/media\/977"}],"wp:attachment":[{"href":"http:\/\/www.alfonsoromero.com\/blog\/wp-json\/wp\/v2\/media?parent=975"}],"wp:term":[{"taxonomy":"category","embeddable":true,"href":"http:\/\/www.alfonsoromero.com\/blog\/wp-json\/wp\/v2\/categories?post=975"},{"taxonomy":"post_tag","embeddable":true,"href":"http:\/\/www.alfonsoromero.com\/blog\/wp-json\/wp\/v2\/tags?post=975"}],"curies":[{"name":"wp","href":"https:\/\/api.w.org\/{rel}","templated":true}]}}