{"id":966,"date":"2017-09-25T20:18:47","date_gmt":"2017-09-25T20:18:47","guid":{"rendered":"http:\/\/www.alfonsoromero.com\/blog\/?p=966"},"modified":"2017-09-25T20:21:47","modified_gmt":"2017-09-25T20:21:47","slug":"teatro-romano-de-cartagena","status":"publish","type":"post","link":"http:\/\/www.alfonsoromero.com\/blog\/obras\/paisajes\/teatro-romano-de-cartagena\/","title":{"rendered":"Teatro Romano de Cartagena"},"content":{"rendered":"<p>A continuaci\u00f3n os traigo un dibujo del Teatro Romano de Cartagena que realic\u00e9 ya hace alg\u00fan tiempo.<\/p>\n<p>Es un dibujo con l\u00e1piz compuesto, siguiendo la serie de dibujos que realic\u00e9 de Cartagena.<\/p>\n<p><a href=\"http:\/\/www.alfonsoromero.com\/blog\/wp-content\/uploads\/2017\/09\/Teatro_Romano_01.jpg\" target=\"_blank\"><img decoding=\"async\" loading=\"lazy\" class=\"aligncenter size-large wp-image-967\" src=\"http:\/\/www.alfonsoromero.com\/blog\/wp-content\/uploads\/2017\/09\/Teatro_Romano_01-703x1024.jpg\" alt=\"\" width=\"583\" height=\"850\" srcset=\"http:\/\/www.alfonsoromero.com\/blog\/wp-content\/uploads\/2017\/09\/Teatro_Romano_01-703x1024.jpg 703w, http:\/\/www.alfonsoromero.com\/blog\/wp-content\/uploads\/2017\/09\/Teatro_Romano_01-206x300.jpg 206w, http:\/\/www.alfonsoromero.com\/blog\/wp-content\/uploads\/2017\/09\/Teatro_Romano_01-768x1119.jpg 768w\" sizes=\"(max-width: 583px) 100vw, 583px\" \/><\/a><\/p>\n<p>A ver c\u00f3mo queda ya colocadito en casa!<\/p>\n<p><a href=\"http:\/\/www.alfonsoromero.com\/blog\/wp-content\/uploads\/2017\/09\/Teatro_Romano_Deko.jpg\" target=\"_blank\"><img decoding=\"async\" loading=\"lazy\" class=\"aligncenter size-large wp-image-969\" src=\"http:\/\/www.alfonsoromero.com\/blog\/wp-content\/uploads\/2017\/09\/Teatro_Romano_Deko-1024x1024.jpg\" alt=\"\" width=\"750\" height=\"750\" srcset=\"http:\/\/www.alfonsoromero.com\/blog\/wp-content\/uploads\/2017\/09\/Teatro_Romano_Deko-1024x1024.jpg 1024w, http:\/\/www.alfonsoromero.com\/blog\/wp-content\/uploads\/2017\/09\/Teatro_Romano_Deko-150x150.jpg 150w, http:\/\/www.alfonsoromero.com\/blog\/wp-content\/uploads\/2017\/09\/Teatro_Romano_Deko-300x300.jpg 300w, http:\/\/www.alfonsoromero.com\/blog\/wp-content\/uploads\/2017\/09\/Teatro_Romano_Deko-768x768.jpg 768w, http:\/\/www.alfonsoromero.com\/blog\/wp-content\/uploads\/2017\/09\/Teatro_Romano_Deko.jpg 1920w\" sizes=\"(max-width: 750px) 100vw, 750px\" \/><\/a><\/p>\n","protected":false},"excerpt":{"rendered":"<p>A continuaci\u00f3n os traigo un dibujo del Teatro Romano de Cartagena que realic\u00e9 ya hace alg\u00fan tiempo. Es un dibujo con l\u00e1piz compuesto, siguiendo la serie de dibujos que realic\u00e9 de Cartagena. A ver c\u00f3mo queda ya colocadito en casa!<\/p>\n","protected":false},"author":1,"featured_media":968,"comment_status":"open","ping_status":"open","sticky":false,"template":"","format":"standard","meta":[],"categories":[8,6],"tags":[28,29,31,30],"_links":{"self":[{"href":"http:\/\/www.alfonsoromero.com\/blog\/wp-json\/wp\/v2\/posts\/966"}],"collection":[{"href":"http:\/\/www.alfonsoromero.com\/blog\/wp-json\/wp\/v2\/posts"}],"about":[{"href":"http:\/\/www.alfonsoromero.com\/blog\/wp-json\/wp\/v2\/types\/post"}],"author":[{"embeddable":true,"href":"http:\/\/www.alfonsoromero.com\/blog\/wp-json\/wp\/v2\/users\/1"}],"replies":[{"embeddable":true,"href":"http:\/\/www.alfonsoromero.com\/blog\/wp-json\/wp\/v2\/comments?post=966"}],"version-history":[{"count":4,"href":"http:\/\/www.alfonsoromero.com\/blog\/wp-json\/wp\/v2\/posts\/966\/revisions"}],"predecessor-version":[{"id":973,"href":"http:\/\/www.alfonsoromero.com\/blog\/wp-json\/wp\/v2\/posts\/966\/revisions\/973"}],"wp:featuredmedia":[{"embeddable":true,"href":"http:\/\/www.alfonsoromero.com\/blog\/wp-json\/wp\/v2\/media\/968"}],"wp:attachment":[{"href":"http:\/\/www.alfonsoromero.com\/blog\/wp-json\/wp\/v2\/media?parent=966"}],"wp:term":[{"taxonomy":"category","embeddable":true,"href":"http:\/\/www.alfonsoromero.com\/blog\/wp-json\/wp\/v2\/categories?post=966"},{"taxonomy":"post_tag","embeddable":true,"href":"http:\/\/www.alfonsoromero.com\/blog\/wp-json\/wp\/v2\/tags?post=966"}],"curies":[{"name":"wp","href":"https:\/\/api.w.org\/{rel}","templated":true}]}}