{"id":947,"date":"2017-09-24T19:25:23","date_gmt":"2017-09-24T19:25:23","guid":{"rendered":"http:\/\/www.alfonsoromero.com\/blog\/?p=947"},"modified":"2018-11-12T08:07:21","modified_gmt":"2018-11-12T08:07:21","slug":"dia-de-pintura-al-aire-libre-en-sallenbusch-y-weingarten","status":"publish","type":"post","link":"http:\/\/www.alfonsoromero.com\/blog\/obras\/paisajes\/dia-de-pintura-al-aire-libre-en-sallenbusch-y-weingarten\/","title":{"rendered":"Dia de pintura al aire libre en Sallenbusch y Weingarten"},"content":{"rendered":"<p>Aprovechando el buen tiempo que reinaba esta ma\u00f1ana decid\u00ed dedicar todo el d\u00eda a la pintura al aire libre. Me decid\u00ed por llevarme los pasteles y algunos papeles de colores pensando en la comodidad de no tener que llevarme agua ni paletas. Al llegar a Sallenbusch, el paisaje me dictaba que me centrara en los \u00e1rboles que ya empezaban a colorear sus hojas de tonos saturados.<\/p>\n<p><a href=\"http:\/\/www.alfonsoromero.com\/blog\/wp-content\/uploads\/2017\/09\/Arbol_Joehlingen_marco_02.jpg\" target=\"_blank\" rel=\"noopener\"><img decoding=\"async\" loading=\"lazy\" class=\"aligncenter size-medium wp-image-962\" src=\"http:\/\/www.alfonsoromero.com\/blog\/wp-content\/uploads\/2017\/09\/Arbol_Joehlingen_marco_02-248x300.jpg\" alt=\"\" width=\"248\" height=\"300\" srcset=\"http:\/\/www.alfonsoromero.com\/blog\/wp-content\/uploads\/2017\/09\/Arbol_Joehlingen_marco_02-248x300.jpg 248w, http:\/\/www.alfonsoromero.com\/blog\/wp-content\/uploads\/2017\/09\/Arbol_Joehlingen_marco_02-768x930.jpg 768w, http:\/\/www.alfonsoromero.com\/blog\/wp-content\/uploads\/2017\/09\/Arbol_Joehlingen_marco_02-845x1024.jpg 845w\" sizes=\"(max-width: 248px) 100vw, 248px\" \/><\/a><\/p>\n<p><a href=\"http:\/\/www.alfonsoromero.com\/blog\/wp-content\/uploads\/2017\/09\/Arbol_Joehlingen_marco_01.jpg\" target=\"_blank\" rel=\"noopener\"><img decoding=\"async\" loading=\"lazy\" class=\"aligncenter size-medium wp-image-961\" src=\"http:\/\/www.alfonsoromero.com\/blog\/wp-content\/uploads\/2017\/09\/Arbol_Joehlingen_marco_01-248x300.jpg\" alt=\"\" width=\"248\" height=\"300\" srcset=\"http:\/\/www.alfonsoromero.com\/blog\/wp-content\/uploads\/2017\/09\/Arbol_Joehlingen_marco_01-248x300.jpg 248w, http:\/\/www.alfonsoromero.com\/blog\/wp-content\/uploads\/2017\/09\/Arbol_Joehlingen_marco_01-768x930.jpg 768w, http:\/\/www.alfonsoromero.com\/blog\/wp-content\/uploads\/2017\/09\/Arbol_Joehlingen_marco_01-845x1024.jpg 845w\" sizes=\"(max-width: 248px) 100vw, 248px\" \/><\/a><\/p>\n<p>Finalmente, en mi camino de regreso hice una parada en la v\u00eda principal de Weingarten para hacer un dibujo del torre\u00f3n de la iglesia. En este caso, al no encontrar ning\u00fan sitio c\u00f3modo para poder sentarme, decid\u00ed prescindir de los pasteles que solo utilic\u00e9 para dar algunos tonos de color al fondo. En este caso, m\u00e1s que la impronta de los colores me interesaban los aspectos arquitect\u00f3nicos.<\/p>\n<p><a href=\"http:\/\/www.alfonsoromero.com\/blog\/wp-content\/uploads\/2017\/09\/Kirche_Weingarten.jpg\" target=\"_blank\" rel=\"noopener\"><img decoding=\"async\" loading=\"lazy\" class=\"aligncenter size-medium wp-image-960\" src=\"http:\/\/www.alfonsoromero.com\/blog\/wp-content\/uploads\/2017\/09\/Kirche_Weingarten-248x300.jpg\" alt=\"\" width=\"248\" height=\"300\" srcset=\"http:\/\/www.alfonsoromero.com\/blog\/wp-content\/uploads\/2017\/09\/Kirche_Weingarten-248x300.jpg 248w, http:\/\/www.alfonsoromero.com\/blog\/wp-content\/uploads\/2017\/09\/Kirche_Weingarten-768x930.jpg 768w, http:\/\/www.alfonsoromero.com\/blog\/wp-content\/uploads\/2017\/09\/Kirche_Weingarten-845x1024.jpg 845w\" sizes=\"(max-width: 248px) 100vw, 248px\" \/><\/a><\/p>\n","protected":false},"excerpt":{"rendered":"<p>Aprovechando el buen tiempo que reinaba esta ma\u00f1ana decid\u00ed dedicar todo el d\u00eda a la pintura al aire libre. Me decid\u00ed por llevarme los pasteles y algunos papeles de colores pensando en la comodidad de no tener que llevarme agua ni paletas. Al llegar a Sallenbusch, el paisaje me dictaba que me centrara en los [&hellip;]<\/p>\n","protected":false},"author":1,"featured_media":948,"comment_status":"open","ping_status":"open","sticky":false,"template":"","format":"standard","meta":[],"categories":[9,6],"tags":[27,28,26],"_links":{"self":[{"href":"http:\/\/www.alfonsoromero.com\/blog\/wp-json\/wp\/v2\/posts\/947"}],"collection":[{"href":"http:\/\/www.alfonsoromero.com\/blog\/wp-json\/wp\/v2\/posts"}],"about":[{"href":"http:\/\/www.alfonsoromero.com\/blog\/wp-json\/wp\/v2\/types\/post"}],"author":[{"embeddable":true,"href":"http:\/\/www.alfonsoromero.com\/blog\/wp-json\/wp\/v2\/users\/1"}],"replies":[{"embeddable":true,"href":"http:\/\/www.alfonsoromero.com\/blog\/wp-json\/wp\/v2\/comments?post=947"}],"version-history":[{"count":7,"href":"http:\/\/www.alfonsoromero.com\/blog\/wp-json\/wp\/v2\/posts\/947\/revisions"}],"predecessor-version":[{"id":1067,"href":"http:\/\/www.alfonsoromero.com\/blog\/wp-json\/wp\/v2\/posts\/947\/revisions\/1067"}],"wp:featuredmedia":[{"embeddable":true,"href":"http:\/\/www.alfonsoromero.com\/blog\/wp-json\/wp\/v2\/media\/948"}],"wp:attachment":[{"href":"http:\/\/www.alfonsoromero.com\/blog\/wp-json\/wp\/v2\/media?parent=947"}],"wp:term":[{"taxonomy":"category","embeddable":true,"href":"http:\/\/www.alfonsoromero.com\/blog\/wp-json\/wp\/v2\/categories?post=947"},{"taxonomy":"post_tag","embeddable":true,"href":"http:\/\/www.alfonsoromero.com\/blog\/wp-json\/wp\/v2\/tags?post=947"}],"curies":[{"name":"wp","href":"https:\/\/api.w.org\/{rel}","templated":true}]}}