{"id":935,"date":"2017-09-12T16:35:54","date_gmt":"2017-09-12T16:35:54","guid":{"rendered":"http:\/\/www.alfonsoromero.com\/blog\/?p=935"},"modified":"2017-09-25T21:11:02","modified_gmt":"2017-09-25T21:11:02","slug":"figura-entre-los-arboles","status":"publish","type":"post","link":"http:\/\/www.alfonsoromero.com\/blog\/obras\/retratos\/figura-entre-los-arboles\/","title":{"rendered":"Figura entre los \u00e1rboles"},"content":{"rendered":"<p>En esta ocasi\u00f3n me he centrado en la figura como parte del paisaje interno de \u00e1rboles que provoca un interesante juego de luces y sombras y tonos de color contrastados muy adecuados para el procedimiento del pastel. He procurado dejar el trazo m\u00e1s suelto y visible y creo que le otorga a la obra final una cierta plasticidad.<\/p>\n<p>Pastel de figura entre los \u00e1rboles. 28&#215;38 cm<\/p>\n<p><a href=\"http:\/\/www.alfonsoromero.com\/blog\/wp-content\/uploads\/2017\/09\/Arboles_Alberte_1_01_low2.jpg\" target=\"_blank\" rel=\"noopener\"><img decoding=\"async\" loading=\"lazy\" class=\"aligncenter wp-image-943 size-large\" src=\"http:\/\/www.alfonsoromero.com\/blog\/wp-content\/uploads\/2017\/09\/Arboles_Alberte_1_01_low2-1024x822.jpg\" alt=\"\" width=\"750\" height=\"602\" srcset=\"http:\/\/www.alfonsoromero.com\/blog\/wp-content\/uploads\/2017\/09\/Arboles_Alberte_1_01_low2-1024x822.jpg 1024w, http:\/\/www.alfonsoromero.com\/blog\/wp-content\/uploads\/2017\/09\/Arboles_Alberte_1_01_low2-300x241.jpg 300w, http:\/\/www.alfonsoromero.com\/blog\/wp-content\/uploads\/2017\/09\/Arboles_Alberte_1_01_low2-768x617.jpg 768w\" sizes=\"(max-width: 750px) 100vw, 750px\" \/><\/a><\/p>\n<p>Algunos detalles de la obra:<\/p>\n<p><a href=\"http:\/\/www.alfonsoromero.com\/blog\/wp-content\/uploads\/2017\/09\/Arboles_Alberte_1_03.jpg\" target=\"_blank\" rel=\"noopener\"><img decoding=\"async\" loading=\"lazy\" class=\"aligncenter wp-image-937 size-large\" src=\"http:\/\/www.alfonsoromero.com\/blog\/wp-content\/uploads\/2017\/09\/Arboles_Alberte_1_03-1024x682.jpg\" alt=\"\" width=\"750\" height=\"500\" srcset=\"http:\/\/www.alfonsoromero.com\/blog\/wp-content\/uploads\/2017\/09\/Arboles_Alberte_1_03-1024x682.jpg 1024w, http:\/\/www.alfonsoromero.com\/blog\/wp-content\/uploads\/2017\/09\/Arboles_Alberte_1_03-300x200.jpg 300w, http:\/\/www.alfonsoromero.com\/blog\/wp-content\/uploads\/2017\/09\/Arboles_Alberte_1_03-768x512.jpg 768w, http:\/\/www.alfonsoromero.com\/blog\/wp-content\/uploads\/2017\/09\/Arboles_Alberte_1_03.jpg 2000w\" sizes=\"(max-width: 750px) 100vw, 750px\" \/><\/a><\/p>\n<p>&nbsp;<\/p>\n<p><a href=\"http:\/\/www.alfonsoromero.com\/blog\/wp-content\/uploads\/2017\/09\/Arboles_Alberte_1_02.jpg\" target=\"_blank\" rel=\"noopener\"><img decoding=\"async\" loading=\"lazy\" class=\"aligncenter wp-image-938 size-large\" src=\"http:\/\/www.alfonsoromero.com\/blog\/wp-content\/uploads\/2017\/09\/Arboles_Alberte_1_02-1024x683.jpg\" alt=\"\" width=\"750\" height=\"500\" srcset=\"http:\/\/www.alfonsoromero.com\/blog\/wp-content\/uploads\/2017\/09\/Arboles_Alberte_1_02-1024x683.jpg 1024w, http:\/\/www.alfonsoromero.com\/blog\/wp-content\/uploads\/2017\/09\/Arboles_Alberte_1_02-300x200.jpg 300w, http:\/\/www.alfonsoromero.com\/blog\/wp-content\/uploads\/2017\/09\/Arboles_Alberte_1_02-768x512.jpg 768w\" sizes=\"(max-width: 750px) 100vw, 750px\" \/><\/a><\/p>\n<p>&nbsp;<\/p>\n<p><a href=\"http:\/\/www.alfonsoromero.com\/blog\/wp-content\/uploads\/2017\/09\/Arboles_Alberte_1_04.jpg\" target=\"_blank\" rel=\"noopener\"><img decoding=\"async\" loading=\"lazy\" class=\"aligncenter wp-image-939 size-large\" src=\"http:\/\/www.alfonsoromero.com\/blog\/wp-content\/uploads\/2017\/09\/Arboles_Alberte_1_04-1024x682.jpg\" alt=\"\" width=\"750\" height=\"500\" srcset=\"http:\/\/www.alfonsoromero.com\/blog\/wp-content\/uploads\/2017\/09\/Arboles_Alberte_1_04-1024x682.jpg 1024w, http:\/\/www.alfonsoromero.com\/blog\/wp-content\/uploads\/2017\/09\/Arboles_Alberte_1_04-300x200.jpg 300w, http:\/\/www.alfonsoromero.com\/blog\/wp-content\/uploads\/2017\/09\/Arboles_Alberte_1_04-768x512.jpg 768w, http:\/\/www.alfonsoromero.com\/blog\/wp-content\/uploads\/2017\/09\/Arboles_Alberte_1_04.jpg 2000w\" sizes=\"(max-width: 750px) 100vw, 750px\" \/><\/a><\/p>\n","protected":false},"excerpt":{"rendered":"<p>En esta ocasi\u00f3n me he centrado en la figura como parte del paisaje interno de \u00e1rboles que provoca un interesante juego de luces y sombras y tonos de color contrastados muy adecuados para el procedimiento del pastel. He procurado dejar el trazo m\u00e1s suelto y visible y creo que le otorga a la obra final [&hellip;]<\/p>\n","protected":false},"author":1,"featured_media":938,"comment_status":"open","ping_status":"open","sticky":false,"template":"","format":"standard","meta":[],"categories":[6,5],"tags":[38,28],"_links":{"self":[{"href":"http:\/\/www.alfonsoromero.com\/blog\/wp-json\/wp\/v2\/posts\/935"}],"collection":[{"href":"http:\/\/www.alfonsoromero.com\/blog\/wp-json\/wp\/v2\/posts"}],"about":[{"href":"http:\/\/www.alfonsoromero.com\/blog\/wp-json\/wp\/v2\/types\/post"}],"author":[{"embeddable":true,"href":"http:\/\/www.alfonsoromero.com\/blog\/wp-json\/wp\/v2\/users\/1"}],"replies":[{"embeddable":true,"href":"http:\/\/www.alfonsoromero.com\/blog\/wp-json\/wp\/v2\/comments?post=935"}],"version-history":[{"count":5,"href":"http:\/\/www.alfonsoromero.com\/blog\/wp-json\/wp\/v2\/posts\/935\/revisions"}],"predecessor-version":[{"id":942,"href":"http:\/\/www.alfonsoromero.com\/blog\/wp-json\/wp\/v2\/posts\/935\/revisions\/942"}],"wp:featuredmedia":[{"embeddable":true,"href":"http:\/\/www.alfonsoromero.com\/blog\/wp-json\/wp\/v2\/media\/938"}],"wp:attachment":[{"href":"http:\/\/www.alfonsoromero.com\/blog\/wp-json\/wp\/v2\/media?parent=935"}],"wp:term":[{"taxonomy":"category","embeddable":true,"href":"http:\/\/www.alfonsoromero.com\/blog\/wp-json\/wp\/v2\/categories?post=935"},{"taxonomy":"post_tag","embeddable":true,"href":"http:\/\/www.alfonsoromero.com\/blog\/wp-json\/wp\/v2\/tags?post=935"}],"curies":[{"name":"wp","href":"https:\/\/api.w.org\/{rel}","templated":true}]}}