{"id":93,"date":"2011-11-19T16:39:00","date_gmt":"2011-11-19T16:39:00","guid":{"rendered":"http:\/\/www.alfonsoromero.com\/blog\/?p=93"},"modified":"2016-11-09T20:08:15","modified_gmt":"2016-11-09T20:08:15","slug":"proceso-pastel-retrato-de-mujer","status":"publish","type":"post","link":"http:\/\/www.alfonsoromero.com\/blog\/proceso\/proceso-pastel-retrato-de-mujer\/","title":{"rendered":"Proceso Pastel &#8211; Retrato de Mujer"},"content":{"rendered":"<p><a href=\"http:\/\/www.alfonsoromero.com\/blog\/wp-content\/uploads\/2011\/11\/Alfonso_Romero_Pilar_09.jpg\"><img decoding=\"async\" loading=\"lazy\" class=\"aligncenter size-full wp-image-851\" src=\"http:\/\/www.alfonsoromero.com\/blog\/wp-content\/uploads\/2011\/11\/Alfonso_Romero_Pilar_09.jpg\" alt=\"alfonso_romero_pilar_09\" width=\"700\" height=\"200\" srcset=\"http:\/\/www.alfonsoromero.com\/blog\/wp-content\/uploads\/2011\/11\/Alfonso_Romero_Pilar_09.jpg 700w, http:\/\/www.alfonsoromero.com\/blog\/wp-content\/uploads\/2011\/11\/Alfonso_Romero_Pilar_09-300x86.jpg 300w\" sizes=\"(max-width: 700px) 100vw, 700px\" \/><\/a><\/p>\n<p>A continuaci\u00f3n os expongo cuatro im\u00e1genes del proceso de creaci\u00f3n de un retrato de medio cuerpo al pastel en un gran formato.<\/p>\n<p>El pastel es una t\u00e9cnica que tiene muchas buenas cualidades pero por otro lado es tambi\u00e9n bien conocido por su fragilidad. A m\u00ed me gusta mucho para los retratos y, aunque reconozco que el pastel no es el procedimiento m\u00e1s popular, se merece una especial atenci\u00f3n.<\/p>\n<p>Mi retrato comienza siempre en el rostro. Practicamente siempre comienzo por los ojos y voy saliendo de dentro hacia afuera. Primero empiezo manchando con colores planos y base que m\u00e1s tarde ir\u00e9 matizando. En estas fases siempre utilizo las barras de pastel y los dedos. !Me encanta trabajar con los dedos! Seguramente es una de las cosas por las que m\u00e1s me gusta esta t\u00e9cnica. El contacto f\u00edsico con la obra es total.<\/p>\n<p><a href=\"http:\/\/www.alfonsoromero.com\/blog\/wp-content\/uploads\/2011\/11\/Alfonso_Romero_Pilar_07.jpg\" target=\"_blank\"><img decoding=\"async\" loading=\"lazy\" class=\"aligncenter wp-image-634 size-medium\" src=\"http:\/\/www.alfonsoromero.com\/blog\/wp-content\/uploads\/2011\/11\/Alfonso_Romero_Pilar_07-296x300.jpg\" width=\"296\" height=\"300\" srcset=\"http:\/\/www.alfonsoromero.com\/blog\/wp-content\/uploads\/2011\/11\/Alfonso_Romero_Pilar_07-296x300.jpg 296w, http:\/\/www.alfonsoromero.com\/blog\/wp-content\/uploads\/2011\/11\/Alfonso_Romero_Pilar_07-768x778.jpg 768w, http:\/\/www.alfonsoromero.com\/blog\/wp-content\/uploads\/2011\/11\/Alfonso_Romero_Pilar_07.jpg 790w\" sizes=\"(max-width: 296px) 100vw, 296px\" \/><\/a>Solamente en los estadios m\u00e1s avanzados de detalle utilizo l\u00e1pices de pastel que me ayudan a realizar trazos m\u00e1s finos y precisos. Pero la frescura de los colores de barra nunca se consiguen con los l\u00e1pices. Por eso intento evitarlos cuando es posible.\u00a0Por ejemplo, el negro marca grandes diferencias entre la barra y el l\u00e1piz. La barra es un color m\u00e1s saturado, profundo y vivo. El l\u00e1piz tiende m\u00e1s al gris y pierde mucho brillo.<\/p>\n<p><a href=\"http:\/\/www.alfonsoromero.com\/blog\/wp-content\/uploads\/2011\/11\/Alfonso_Romero_Pilar_05.jpg\" target=\"_blank\"><img decoding=\"async\" loading=\"lazy\" class=\"aligncenter wp-image-632 size-medium\" src=\"http:\/\/www.alfonsoromero.com\/blog\/wp-content\/uploads\/2011\/11\/Alfonso_Romero_Pilar_05-300x295.jpg\" width=\"300\" height=\"295\" srcset=\"http:\/\/www.alfonsoromero.com\/blog\/wp-content\/uploads\/2011\/11\/Alfonso_Romero_Pilar_05-300x295.jpg 300w, http:\/\/www.alfonsoromero.com\/blog\/wp-content\/uploads\/2011\/11\/Alfonso_Romero_Pilar_05-768x756.jpg 768w, http:\/\/www.alfonsoromero.com\/blog\/wp-content\/uploads\/2011\/11\/Alfonso_Romero_Pilar_05.jpg 1000w\" sizes=\"(max-width: 300px) 100vw, 300px\" \/><\/a>Una vez que tengo controlada la parte de la cara, empiezo a manchar otras partes del retrato para envolverlo con el fondo. Los colores del fondo son muy importantes porque van a condicionar los colores que usemos en el mismo retrato. Por ello, hay que asegurarse de elegir colores adecuados. En los retratos de corte cl\u00e1sico se suelen utilizar grises neutros que giran hacia los frios o c\u00e1lidos dependiendo de c\u00f3mo sea el retrato y el efecto que quiera conseguir el pintor.<\/p>\n<p><a href=\"http:\/\/www.alfonsoromero.com\/blog\/wp-content\/uploads\/2011\/11\/Alfonso_Romero_Pilar_08.jpg\" target=\"_blank\"><img decoding=\"async\" loading=\"lazy\" class=\"aligncenter wp-image-635 size-medium\" src=\"http:\/\/www.alfonsoromero.com\/blog\/wp-content\/uploads\/2011\/11\/Alfonso_Romero_Pilar_08-218x300.jpg\" width=\"218\" height=\"300\" srcset=\"http:\/\/www.alfonsoromero.com\/blog\/wp-content\/uploads\/2011\/11\/Alfonso_Romero_Pilar_08-218x300.jpg 218w, http:\/\/www.alfonsoromero.com\/blog\/wp-content\/uploads\/2011\/11\/Alfonso_Romero_Pilar_08.jpg 726w\" sizes=\"(max-width: 218px) 100vw, 218px\" \/><\/a>M\u00e1s adelante voy manchando todo el vestido con un negro al 70% de forma que tenga margen m\u00e1s tarde para poder ennegrecer m\u00e1s y por supuesto con mucho margen para aclarar. Antes de terminar el vestido me decido por terminar las partes m\u00e1s delicadas como las manos, una de las partes que entra\u00f1an m\u00e1s dificultades.<\/p>\n<p><a href=\"http:\/\/www.alfonsoromero.com\/blog\/wp-content\/uploads\/2011\/11\/Alfonso_Romero_Pilar_06.jpg\" target=\"_blank\"><img decoding=\"async\" loading=\"lazy\" class=\"aligncenter wp-image-633 size-medium\" src=\"http:\/\/www.alfonsoromero.com\/blog\/wp-content\/uploads\/2011\/11\/Alfonso_Romero_Pilar_06-230x300.jpg\" width=\"230\" height=\"300\" srcset=\"http:\/\/www.alfonsoromero.com\/blog\/wp-content\/uploads\/2011\/11\/Alfonso_Romero_Pilar_06-230x300.jpg 230w, http:\/\/www.alfonsoromero.com\/blog\/wp-content\/uploads\/2011\/11\/Alfonso_Romero_Pilar_06.jpg 765w\" sizes=\"(max-width: 230px) 100vw, 230px\" \/><\/a>Finalmente, la obra terminada.<\/p>\n<p>Intento evitar utilizar el fijador, pero en este tipo de obras tan grandes al pastel es pr\u00e1cticamente imprescindible para evitar que se desprendan las part\u00edculas de pastel, incluso cuando la obra ya est\u00e1 enmarcada.<\/p>\n<p><a href=\"http:\/\/www.alfonsoromero.com\/blog\/wp-content\/uploads\/2011\/11\/Alfonso_Romero_Pilar_01.jpg\" target=\"_blank\"><img decoding=\"async\" loading=\"lazy\" class=\"alignnone wp-image-628 size-full\" src=\"http:\/\/www.alfonsoromero.com\/blog\/wp-content\/uploads\/2011\/11\/Alfonso_Romero_Pilar_01.jpg\" width=\"674\" height=\"1000\" \/><\/a><\/p>\n<p>&nbsp;<\/p>\n<p>Espoero que os haya parecido interesante.<\/p>\n<p>Pod\u00e9is ver otros detalles de la obra terminada <a title=\"Obra terminada y detalles\" href=\"http:\/\/www.alfonsoromero.com\/blog\/?p=123\">pinchando aqu\u00ed<\/a>.<\/p>\n","protected":false},"excerpt":{"rendered":"<p>A continuaci\u00f3n os expongo cuatro im\u00e1genes del proceso de creaci\u00f3n de un retrato de medio cuerpo al pastel en un gran formato. El pastel es una t\u00e9cnica que tiene muchas buenas cualidades pero por otro lado es tambi\u00e9n bien conocido por su fragilidad. A m\u00ed me gusta mucho para los retratos y, aunque reconozco que [&hellip;]<\/p>\n","protected":false},"author":1,"featured_media":0,"comment_status":"open","ping_status":"open","sticky":false,"template":"","format":"standard","meta":[],"categories":[2],"tags":[],"_links":{"self":[{"href":"http:\/\/www.alfonsoromero.com\/blog\/wp-json\/wp\/v2\/posts\/93"}],"collection":[{"href":"http:\/\/www.alfonsoromero.com\/blog\/wp-json\/wp\/v2\/posts"}],"about":[{"href":"http:\/\/www.alfonsoromero.com\/blog\/wp-json\/wp\/v2\/types\/post"}],"author":[{"embeddable":true,"href":"http:\/\/www.alfonsoromero.com\/blog\/wp-json\/wp\/v2\/users\/1"}],"replies":[{"embeddable":true,"href":"http:\/\/www.alfonsoromero.com\/blog\/wp-json\/wp\/v2\/comments?post=93"}],"version-history":[{"count":15,"href":"http:\/\/www.alfonsoromero.com\/blog\/wp-json\/wp\/v2\/posts\/93\/revisions"}],"predecessor-version":[{"id":852,"href":"http:\/\/www.alfonsoromero.com\/blog\/wp-json\/wp\/v2\/posts\/93\/revisions\/852"}],"wp:attachment":[{"href":"http:\/\/www.alfonsoromero.com\/blog\/wp-json\/wp\/v2\/media?parent=93"}],"wp:term":[{"taxonomy":"category","embeddable":true,"href":"http:\/\/www.alfonsoromero.com\/blog\/wp-json\/wp\/v2\/categories?post=93"},{"taxonomy":"post_tag","embeddable":true,"href":"http:\/\/www.alfonsoromero.com\/blog\/wp-json\/wp\/v2\/tags?post=93"}],"curies":[{"name":"wp","href":"https:\/\/api.w.org\/{rel}","templated":true}]}}