{"id":874,"date":"2010-05-09T23:36:40","date_gmt":"2010-05-09T23:36:40","guid":{"rendered":"http:\/\/www.alfonsoromero.com\/blog\/?p=874"},"modified":"2016-11-09T23:43:44","modified_gmt":"2016-11-09T23:43:44","slug":"pastel-jesucristo","status":"publish","type":"post","link":"http:\/\/www.alfonsoromero.com\/blog\/semana-santa\/pastel-jesucristo\/","title":{"rendered":"Pastel Jesucristo"},"content":{"rendered":"<p>Esta es una de las obras que formaron parte de la exposici\u00f3n dedicada a la cofrad\u00eda california de la Semana Santa de Cartagena. Est\u00e1 realizada con pastel sobre papel.<\/p>\n<p><a href=\"http:\/\/www.alfonsoromero.com\/blog\/wp-content\/uploads\/2016\/11\/Alfonso_Romero_Jesus_01.jpg\" target=\"_blank\"><img decoding=\"async\" loading=\"lazy\" class=\"aligncenter wp-image-875 size-large\" src=\"http:\/\/www.alfonsoromero.com\/blog\/wp-content\/uploads\/2016\/11\/Alfonso_Romero_Jesus_01-1013x1024.jpg\" alt=\"alfonso_romero_jesus_01\" width=\"750\" height=\"758\" srcset=\"http:\/\/www.alfonsoromero.com\/blog\/wp-content\/uploads\/2016\/11\/Alfonso_Romero_Jesus_01-1013x1024.jpg 1013w, http:\/\/www.alfonsoromero.com\/blog\/wp-content\/uploads\/2016\/11\/Alfonso_Romero_Jesus_01-297x300.jpg 297w, http:\/\/www.alfonsoromero.com\/blog\/wp-content\/uploads\/2016\/11\/Alfonso_Romero_Jesus_01-768x777.jpg 768w, http:\/\/www.alfonsoromero.com\/blog\/wp-content\/uploads\/2016\/11\/Alfonso_Romero_Jesus_01.jpg 1500w\" sizes=\"(max-width: 750px) 100vw, 750px\" \/><\/a><\/p>\n","protected":false},"excerpt":{"rendered":"<p>Esta es una de las obras que formaron parte de la exposici\u00f3n dedicada a la cofrad\u00eda california de la Semana Santa de Cartagena. Est\u00e1 realizada con pastel sobre papel.<\/p>\n","protected":false},"author":1,"featured_media":0,"comment_status":"open","ping_status":"open","sticky":false,"template":"","format":"standard","meta":[],"categories":[23],"tags":[],"_links":{"self":[{"href":"http:\/\/www.alfonsoromero.com\/blog\/wp-json\/wp\/v2\/posts\/874"}],"collection":[{"href":"http:\/\/www.alfonsoromero.com\/blog\/wp-json\/wp\/v2\/posts"}],"about":[{"href":"http:\/\/www.alfonsoromero.com\/blog\/wp-json\/wp\/v2\/types\/post"}],"author":[{"embeddable":true,"href":"http:\/\/www.alfonsoromero.com\/blog\/wp-json\/wp\/v2\/users\/1"}],"replies":[{"embeddable":true,"href":"http:\/\/www.alfonsoromero.com\/blog\/wp-json\/wp\/v2\/comments?post=874"}],"version-history":[{"count":1,"href":"http:\/\/www.alfonsoromero.com\/blog\/wp-json\/wp\/v2\/posts\/874\/revisions"}],"predecessor-version":[{"id":876,"href":"http:\/\/www.alfonsoromero.com\/blog\/wp-json\/wp\/v2\/posts\/874\/revisions\/876"}],"wp:attachment":[{"href":"http:\/\/www.alfonsoromero.com\/blog\/wp-json\/wp\/v2\/media?parent=874"}],"wp:term":[{"taxonomy":"category","embeddable":true,"href":"http:\/\/www.alfonsoromero.com\/blog\/wp-json\/wp\/v2\/categories?post=874"},{"taxonomy":"post_tag","embeddable":true,"href":"http:\/\/www.alfonsoromero.com\/blog\/wp-json\/wp\/v2\/tags?post=874"}],"curies":[{"name":"wp","href":"https:\/\/api.w.org\/{rel}","templated":true}]}}