{"id":728,"date":"2016-03-09T16:26:38","date_gmt":"2016-03-09T16:26:38","guid":{"rendered":"http:\/\/www.alfonsoromero.com\/blog\/?p=728"},"modified":"2017-09-25T19:59:54","modified_gmt":"2017-09-25T19:59:54","slug":"tejados-de-cartagena","status":"publish","type":"post","link":"http:\/\/www.alfonsoromero.com\/blog\/obras\/paisajes\/tejados-de-cartagena\/","title":{"rendered":"Tejados de Cartagena"},"content":{"rendered":"<p>Uno de los cuadros que hice en la serie de Cartagena representaba un detalle de tejados del casco antiguo de Cartagena y la c\u00fapula de la iglesia de Santo Domingo. Posiblemente de aquella serie este sea el cuadro que m\u00e1s me gustaba. Quiz\u00e1s ser\u00e1 por en encuadre y el contraste de luces.<\/p>\n<p><a href=\"http:\/\/www.alfonsoromero.com\/blog\/wp-content\/uploads\/2016\/03\/Alfonso_Romero_Cartagena_cupula.jpg\" target=\"_blank\"><img decoding=\"async\" loading=\"lazy\" class=\"aligncenter wp-image-734 size-full\" src=\"http:\/\/www.alfonsoromero.com\/blog\/wp-content\/uploads\/2016\/03\/Alfonso_Romero_Cartagena_cupula_low.jpg\" width=\"900\" height=\"616\" srcset=\"http:\/\/www.alfonsoromero.com\/blog\/wp-content\/uploads\/2016\/03\/Alfonso_Romero_Cartagena_cupula_low.jpg 900w, http:\/\/www.alfonsoromero.com\/blog\/wp-content\/uploads\/2016\/03\/Alfonso_Romero_Cartagena_cupula_low-300x205.jpg 300w, http:\/\/www.alfonsoromero.com\/blog\/wp-content\/uploads\/2016\/03\/Alfonso_Romero_Cartagena_cupula_low-768x526.jpg 768w\" sizes=\"(max-width: 900px) 100vw, 900px\" \/><\/a><\/p>\n","protected":false},"excerpt":{"rendered":"<p>Uno de los cuadros que hice en la serie de Cartagena representaba un detalle de tejados del casco antiguo de Cartagena y la c\u00fapula de la iglesia de Santo Domingo. Posiblemente de aquella serie este sea el cuadro que m\u00e1s me gustaba. Quiz\u00e1s ser\u00e1 por en encuadre y el contraste de luces.<\/p>\n","protected":false},"author":1,"featured_media":965,"comment_status":"open","ping_status":"open","sticky":false,"template":"","format":"standard","meta":[],"categories":[8,6],"tags":[],"_links":{"self":[{"href":"http:\/\/www.alfonsoromero.com\/blog\/wp-json\/wp\/v2\/posts\/728"}],"collection":[{"href":"http:\/\/www.alfonsoromero.com\/blog\/wp-json\/wp\/v2\/posts"}],"about":[{"href":"http:\/\/www.alfonsoromero.com\/blog\/wp-json\/wp\/v2\/types\/post"}],"author":[{"embeddable":true,"href":"http:\/\/www.alfonsoromero.com\/blog\/wp-json\/wp\/v2\/users\/1"}],"replies":[{"embeddable":true,"href":"http:\/\/www.alfonsoromero.com\/blog\/wp-json\/wp\/v2\/comments?post=728"}],"version-history":[{"count":4,"href":"http:\/\/www.alfonsoromero.com\/blog\/wp-json\/wp\/v2\/posts\/728\/revisions"}],"predecessor-version":[{"id":736,"href":"http:\/\/www.alfonsoromero.com\/blog\/wp-json\/wp\/v2\/posts\/728\/revisions\/736"}],"wp:featuredmedia":[{"embeddable":true,"href":"http:\/\/www.alfonsoromero.com\/blog\/wp-json\/wp\/v2\/media\/965"}],"wp:attachment":[{"href":"http:\/\/www.alfonsoromero.com\/blog\/wp-json\/wp\/v2\/media?parent=728"}],"wp:term":[{"taxonomy":"category","embeddable":true,"href":"http:\/\/www.alfonsoromero.com\/blog\/wp-json\/wp\/v2\/categories?post=728"},{"taxonomy":"post_tag","embeddable":true,"href":"http:\/\/www.alfonsoromero.com\/blog\/wp-json\/wp\/v2\/tags?post=728"}],"curies":[{"name":"wp","href":"https:\/\/api.w.org\/{rel}","templated":true}]}}