{"id":710,"date":"2016-10-25T15:38:00","date_gmt":"2016-10-25T15:38:00","guid":{"rendered":"http:\/\/www.alfonsoromero.com\/blog\/?p=710"},"modified":"2016-11-09T15:55:38","modified_gmt":"2016-11-09T15:55:38","slug":"cuadro-del-%ce%bb%cf%85%ce%ba%ce%b1%ce%b2%ce%b7%cf%84%cf%84%cf%8c%cf%82-en-atenas","status":"publish","type":"post","link":"http:\/\/www.alfonsoromero.com\/blog\/obras\/paisajes\/cuadro-del-%ce%bb%cf%85%ce%ba%ce%b1%ce%b2%ce%b7%cf%84%cf%84%cf%8c%cf%82-en-atenas\/","title":{"rendered":"Cuadro del \u039b\u03c5\u03ba\u03b1\u03b2\u03b7\u03c4\u03c4\u03cc\u03c2 en Atenas"},"content":{"rendered":"<p>Estando en Atenas comenc\u00e9 con el proyecto de un cuadro m\u00e1s grande de la monta\u00f1a m\u00e1s emblem\u00e1tica de Atenas despu\u00e9s de la colina del Acr\u00f3polis. Se trataba del <span lang=\"el\" xml:lang=\"el\">\u039b\u03c5\u03ba\u03b1\u03b2\u03b7\u03c4\u03c4\u03cc\u03c2<\/span> (Lykabitos). Este proyecto consumi\u00f3 bastantes horas de trabajo y lo termin\u00e9 algunos meses despu\u00e9s de regresar a Valencia.<\/p>\n<p><a href=\"http:\/\/www.alfonsoromero.com\/blog\/wp-content\/uploads\/2016\/10\/Alfonso_Romero_Lykabitos.jpg\" target=\"_blank\"><img decoding=\"async\" loading=\"lazy\" class=\"aligncenter wp-image-718 size-full\" src=\"http:\/\/www.alfonsoromero.com\/blog\/wp-content\/uploads\/2016\/10\/Alfonso_Romero_Lykabitos_low-1.jpg\" width=\"869\" height=\"611\" srcset=\"http:\/\/www.alfonsoromero.com\/blog\/wp-content\/uploads\/2016\/10\/Alfonso_Romero_Lykabitos_low-1.jpg 869w, http:\/\/www.alfonsoromero.com\/blog\/wp-content\/uploads\/2016\/10\/Alfonso_Romero_Lykabitos_low-1-300x211.jpg 300w, http:\/\/www.alfonsoromero.com\/blog\/wp-content\/uploads\/2016\/10\/Alfonso_Romero_Lykabitos_low-1-768x540.jpg 768w\" sizes=\"(max-width: 869px) 100vw, 869px\" \/><\/a><\/p>\n","protected":false},"excerpt":{"rendered":"<p>Estando en Atenas comenc\u00e9 con el proyecto de un cuadro m\u00e1s grande de la monta\u00f1a m\u00e1s emblem\u00e1tica de Atenas despu\u00e9s de la colina del Acr\u00f3polis. Se trataba del \u039b\u03c5\u03ba\u03b1\u03b2\u03b7\u03c4\u03c4\u03cc\u03c2 (Lykabitos). Este proyecto consumi\u00f3 bastantes horas de trabajo y lo termin\u00e9 algunos meses despu\u00e9s de regresar a Valencia.<\/p>\n","protected":false},"author":1,"featured_media":0,"comment_status":"open","ping_status":"open","sticky":false,"template":"","format":"standard","meta":[],"categories":[8,6],"tags":[],"_links":{"self":[{"href":"http:\/\/www.alfonsoromero.com\/blog\/wp-json\/wp\/v2\/posts\/710"}],"collection":[{"href":"http:\/\/www.alfonsoromero.com\/blog\/wp-json\/wp\/v2\/posts"}],"about":[{"href":"http:\/\/www.alfonsoromero.com\/blog\/wp-json\/wp\/v2\/types\/post"}],"author":[{"embeddable":true,"href":"http:\/\/www.alfonsoromero.com\/blog\/wp-json\/wp\/v2\/users\/1"}],"replies":[{"embeddable":true,"href":"http:\/\/www.alfonsoromero.com\/blog\/wp-json\/wp\/v2\/comments?post=710"}],"version-history":[{"count":6,"href":"http:\/\/www.alfonsoromero.com\/blog\/wp-json\/wp\/v2\/posts\/710\/revisions"}],"predecessor-version":[{"id":721,"href":"http:\/\/www.alfonsoromero.com\/blog\/wp-json\/wp\/v2\/posts\/710\/revisions\/721"}],"wp:attachment":[{"href":"http:\/\/www.alfonsoromero.com\/blog\/wp-json\/wp\/v2\/media?parent=710"}],"wp:term":[{"taxonomy":"category","embeddable":true,"href":"http:\/\/www.alfonsoromero.com\/blog\/wp-json\/wp\/v2\/categories?post=710"},{"taxonomy":"post_tag","embeddable":true,"href":"http:\/\/www.alfonsoromero.com\/blog\/wp-json\/wp\/v2\/tags?post=710"}],"curies":[{"name":"wp","href":"https:\/\/api.w.org\/{rel}","templated":true}]}}