{"id":696,"date":"2016-02-07T15:10:15","date_gmt":"2016-02-07T15:10:15","guid":{"rendered":"http:\/\/www.alfonsoromero.com\/blog\/?p=696"},"modified":"2017-09-25T20:24:57","modified_gmt":"2017-09-25T20:24:57","slug":"dibujo-de-cartagena-1o-premio-concurso-de-dibujo","status":"publish","type":"post","link":"http:\/\/www.alfonsoromero.com\/blog\/obras\/paisajes\/dibujo-de-cartagena-1o-premio-concurso-de-dibujo\/","title":{"rendered":"Dibujo de Cartagena &#8211; 1\u00ba Premio Concurso de dibujo"},"content":{"rendered":"<p>En el a\u00f1o 2007 me present\u00e9 a un concurso de dibujo animado por el hecho de poder realizar alg\u00fan dibujo con la tem\u00e1tica de Cartagena. Inspirado por la gran arquitectura de los edificios que hoy son la sede de la Universidad Polit\u00e9cnica de Cartagena y el fabuloso Parque Torres, me anim\u00e9 a realizar un paisaje a l\u00e1piz compuesto de este bello rinc\u00f3n de mi ciudad natal. Finalmente tuve la grata satisfacci\u00f3n de recibir el primer premio del concurso y a d\u00eda de hoy, esta obra est\u00e1 en el despacho del rector de la UPCT.<\/p>\n<p><a href=\"http:\/\/www.alfonsoromero.com\/blog\/wp-content\/uploads\/2016\/11\/Dibujo_Cartagena.jpg\" target=\"_blank\"><img decoding=\"async\" loading=\"lazy\" class=\"aligncenter wp-image-698 size-full\" src=\"http:\/\/www.alfonsoromero.com\/blog\/wp-content\/uploads\/2016\/11\/Dibujo_Cartagena_800.jpg\" width=\"800\" height=\"439\" srcset=\"http:\/\/www.alfonsoromero.com\/blog\/wp-content\/uploads\/2016\/11\/Dibujo_Cartagena_800.jpg 800w, http:\/\/www.alfonsoromero.com\/blog\/wp-content\/uploads\/2016\/11\/Dibujo_Cartagena_800-300x165.jpg 300w, http:\/\/www.alfonsoromero.com\/blog\/wp-content\/uploads\/2016\/11\/Dibujo_Cartagena_800-768x421.jpg 768w\" sizes=\"(max-width: 800px) 100vw, 800px\" \/><\/a><\/p>\n","protected":false},"excerpt":{"rendered":"<p>En el a\u00f1o 2007 me present\u00e9 a un concurso de dibujo animado por el hecho de poder realizar alg\u00fan dibujo con la tem\u00e1tica de Cartagena. Inspirado por la gran arquitectura de los edificios que hoy son la sede de la Universidad Polit\u00e9cnica de Cartagena y el fabuloso Parque Torres, me anim\u00e9 a realizar un paisaje [&hellip;]<\/p>\n","protected":false},"author":1,"featured_media":974,"comment_status":"open","ping_status":"open","sticky":false,"template":"","format":"standard","meta":[],"categories":[8,6],"tags":[28,29],"_links":{"self":[{"href":"http:\/\/www.alfonsoromero.com\/blog\/wp-json\/wp\/v2\/posts\/696"}],"collection":[{"href":"http:\/\/www.alfonsoromero.com\/blog\/wp-json\/wp\/v2\/posts"}],"about":[{"href":"http:\/\/www.alfonsoromero.com\/blog\/wp-json\/wp\/v2\/types\/post"}],"author":[{"embeddable":true,"href":"http:\/\/www.alfonsoromero.com\/blog\/wp-json\/wp\/v2\/users\/1"}],"replies":[{"embeddable":true,"href":"http:\/\/www.alfonsoromero.com\/blog\/wp-json\/wp\/v2\/comments?post=696"}],"version-history":[{"count":1,"href":"http:\/\/www.alfonsoromero.com\/blog\/wp-json\/wp\/v2\/posts\/696\/revisions"}],"predecessor-version":[{"id":699,"href":"http:\/\/www.alfonsoromero.com\/blog\/wp-json\/wp\/v2\/posts\/696\/revisions\/699"}],"wp:featuredmedia":[{"embeddable":true,"href":"http:\/\/www.alfonsoromero.com\/blog\/wp-json\/wp\/v2\/media\/974"}],"wp:attachment":[{"href":"http:\/\/www.alfonsoromero.com\/blog\/wp-json\/wp\/v2\/media?parent=696"}],"wp:term":[{"taxonomy":"category","embeddable":true,"href":"http:\/\/www.alfonsoromero.com\/blog\/wp-json\/wp\/v2\/categories?post=696"},{"taxonomy":"post_tag","embeddable":true,"href":"http:\/\/www.alfonsoromero.com\/blog\/wp-json\/wp\/v2\/tags?post=696"}],"curies":[{"name":"wp","href":"https:\/\/api.w.org\/{rel}","templated":true}]}}