{"id":677,"date":"2016-07-01T14:32:13","date_gmt":"2016-07-01T14:32:13","guid":{"rendered":"http:\/\/www.alfonsoromero.com\/blog\/?p=677"},"modified":"2016-11-09T16:38:43","modified_gmt":"2016-11-09T16:38:43","slug":"paisaje-escuela-europea","status":"publish","type":"post","link":"http:\/\/www.alfonsoromero.com\/blog\/obras\/paisajes\/paisaje-escuela-europea\/","title":{"rendered":"Paisaje Escuela Europea"},"content":{"rendered":"<p>A continuaci\u00f3n os traigo un paisaje que acabo de terminar realizado en t\u00e9cnica mixta, acr\u00edlico y pastel basicamente. Representa la escuela de primaria de la Escuela Europea de Karlsruhe.<\/p>\n<p style=\"text-align: center;\"><a href=\"http:\/\/www.alfonsoromero.com\/blog\/wp-content\/uploads\/2016\/07\/Alfonso_Romero_Eskar.jpg\" target=\"_blank\"><img decoding=\"async\" loading=\"lazy\" class=\"aligncenter wp-image-738 size-full\" src=\"http:\/\/www.alfonsoromero.com\/blog\/wp-content\/uploads\/2016\/07\/Alfonso_Romero_Eskar_low.jpg\" width=\"800\" height=\"465\" srcset=\"http:\/\/www.alfonsoromero.com\/blog\/wp-content\/uploads\/2016\/07\/Alfonso_Romero_Eskar_low.jpg 800w, http:\/\/www.alfonsoromero.com\/blog\/wp-content\/uploads\/2016\/07\/Alfonso_Romero_Eskar_low-300x174.jpg 300w, http:\/\/www.alfonsoromero.com\/blog\/wp-content\/uploads\/2016\/07\/Alfonso_Romero_Eskar_low-768x446.jpg 768w\" sizes=\"(max-width: 800px) 100vw, 800px\" \/><\/a>Escuela Europea Karlsruhe<\/p>\n","protected":false},"excerpt":{"rendered":"<p>A continuaci\u00f3n os traigo un paisaje que acabo de terminar realizado en t\u00e9cnica mixta, acr\u00edlico y pastel basicamente. Representa la escuela de primaria de la Escuela Europea de Karlsruhe. Escuela Europea Karlsruhe<\/p>\n","protected":false},"author":1,"featured_media":0,"comment_status":"open","ping_status":"open","sticky":false,"template":"","format":"standard","meta":[],"categories":[6],"tags":[],"_links":{"self":[{"href":"http:\/\/www.alfonsoromero.com\/blog\/wp-json\/wp\/v2\/posts\/677"}],"collection":[{"href":"http:\/\/www.alfonsoromero.com\/blog\/wp-json\/wp\/v2\/posts"}],"about":[{"href":"http:\/\/www.alfonsoromero.com\/blog\/wp-json\/wp\/v2\/types\/post"}],"author":[{"embeddable":true,"href":"http:\/\/www.alfonsoromero.com\/blog\/wp-json\/wp\/v2\/users\/1"}],"replies":[{"embeddable":true,"href":"http:\/\/www.alfonsoromero.com\/blog\/wp-json\/wp\/v2\/comments?post=677"}],"version-history":[{"count":5,"href":"http:\/\/www.alfonsoromero.com\/blog\/wp-json\/wp\/v2\/posts\/677\/revisions"}],"predecessor-version":[{"id":739,"href":"http:\/\/www.alfonsoromero.com\/blog\/wp-json\/wp\/v2\/posts\/677\/revisions\/739"}],"wp:attachment":[{"href":"http:\/\/www.alfonsoromero.com\/blog\/wp-json\/wp\/v2\/media?parent=677"}],"wp:term":[{"taxonomy":"category","embeddable":true,"href":"http:\/\/www.alfonsoromero.com\/blog\/wp-json\/wp\/v2\/categories?post=677"},{"taxonomy":"post_tag","embeddable":true,"href":"http:\/\/www.alfonsoromero.com\/blog\/wp-json\/wp\/v2\/tags?post=677"}],"curies":[{"name":"wp","href":"https:\/\/api.w.org\/{rel}","templated":true}]}}