{"id":49,"date":"2011-01-19T00:01:16","date_gmt":"2011-01-19T00:01:16","guid":{"rendered":"http:\/\/www.alfonsoromero.com\/blog\/?p=49"},"modified":"2016-11-09T20:10:42","modified_gmt":"2016-11-09T20:10:42","slug":"retrato-de-joven","status":"publish","type":"post","link":"http:\/\/www.alfonsoromero.com\/blog\/obras\/retrato-de-joven\/","title":{"rendered":"Retrato de joven"},"content":{"rendered":"<p>Esta vez posteo un retrato realizado al pastel de tama\u00f1o un poco m\u00e1s grande que el natural. Dimensiones 100&#215;70 cm sobre papel.<\/p>\n<p>Tard\u00e9 alrededor de un a\u00f1o en hacer el retrato porque no dispon\u00eda de mucho tiempo o ten\u00eda que alternarlo con encargos y otros proyectos. Adem\u00e1s, el esstudio donde estaba cuando empec\u00e9 a realizarlo ten\u00eda unas condiciones p\u00e9simas y apenas se pod\u00eda hacer nada.<\/p>\n<p><a href=\"http:\/\/www.alfonsoromero.com\/blog\/wp-content\/uploads\/2011\/01\/Ana-Belen_01.jpg\" target=\"_blank\"><img decoding=\"async\" loading=\"lazy\" class=\"aligncenter wp-image-655 size-full\" src=\"http:\/\/www.alfonsoromero.com\/blog\/wp-content\/uploads\/2011\/01\/Ana-Belen_01.jpg\" width=\"551\" height=\"800\" srcset=\"http:\/\/www.alfonsoromero.com\/blog\/wp-content\/uploads\/2011\/01\/Ana-Belen_01.jpg 551w, http:\/\/www.alfonsoromero.com\/blog\/wp-content\/uploads\/2011\/01\/Ana-Belen_01-207x300.jpg 207w\" sizes=\"(max-width: 551px) 100vw, 551px\" \/><\/a><\/p>\n<p>A continuaci\u00f3n algunos detalles donde se pueden apreciar algo mejor los trazos del pastel e incluso la textura del papel.<\/p>\n<p><a href=\"http:\/\/www.alfonsoromero.com\/blog\/wp-content\/uploads\/2011\/01\/Ana-Belen_04.jpg\"><img decoding=\"async\" loading=\"lazy\" class=\"aligncenter size-large wp-image-853\" src=\"http:\/\/www.alfonsoromero.com\/blog\/wp-content\/uploads\/2011\/01\/Ana-Belen_04-1024x575.jpg\" alt=\"ana-belen_04\" width=\"750\" height=\"421\" srcset=\"http:\/\/www.alfonsoromero.com\/blog\/wp-content\/uploads\/2011\/01\/Ana-Belen_04-1024x575.jpg 1024w, http:\/\/www.alfonsoromero.com\/blog\/wp-content\/uploads\/2011\/01\/Ana-Belen_04-300x169.jpg 300w, http:\/\/www.alfonsoromero.com\/blog\/wp-content\/uploads\/2011\/01\/Ana-Belen_04-768x431.jpg 768w, http:\/\/www.alfonsoromero.com\/blog\/wp-content\/uploads\/2011\/01\/Ana-Belen_04.jpg 1200w\" sizes=\"(max-width: 750px) 100vw, 750px\" \/><\/a><\/p>\n<p><a href=\"http:\/\/www.alfonsoromero.com\/blog\/wp-content\/uploads\/2011\/01\/Ana-Belen_03.jpg\" target=\"_blank\"><img decoding=\"async\" loading=\"lazy\" class=\"aligncenter wp-image-854 size-medium\" src=\"http:\/\/www.alfonsoromero.com\/blog\/wp-content\/uploads\/2011\/01\/Ana-Belen_03-300x200.jpg\" alt=\"ana-belen_03\" width=\"300\" height=\"200\" srcset=\"http:\/\/www.alfonsoromero.com\/blog\/wp-content\/uploads\/2011\/01\/Ana-Belen_03-300x200.jpg 300w, http:\/\/www.alfonsoromero.com\/blog\/wp-content\/uploads\/2011\/01\/Ana-Belen_03-768x511.jpg 768w, http:\/\/www.alfonsoromero.com\/blog\/wp-content\/uploads\/2011\/01\/Ana-Belen_03.jpg 1000w\" sizes=\"(max-width: 300px) 100vw, 300px\" \/><\/a><\/p>\n","protected":false},"excerpt":{"rendered":"<p>Esta vez posteo un retrato realizado al pastel de tama\u00f1o un poco m\u00e1s grande que el natural. Dimensiones 100&#215;70 cm sobre papel. Tard\u00e9 alrededor de un a\u00f1o en hacer el retrato porque no dispon\u00eda de mucho tiempo o ten\u00eda que alternarlo con encargos y otros proyectos. Adem\u00e1s, el esstudio donde estaba cuando empec\u00e9 a realizarlo [&hellip;]<\/p>\n","protected":false},"author":1,"featured_media":0,"comment_status":"open","ping_status":"open","sticky":false,"template":"","format":"standard","meta":[],"categories":[4,5],"tags":[],"_links":{"self":[{"href":"http:\/\/www.alfonsoromero.com\/blog\/wp-json\/wp\/v2\/posts\/49"}],"collection":[{"href":"http:\/\/www.alfonsoromero.com\/blog\/wp-json\/wp\/v2\/posts"}],"about":[{"href":"http:\/\/www.alfonsoromero.com\/blog\/wp-json\/wp\/v2\/types\/post"}],"author":[{"embeddable":true,"href":"http:\/\/www.alfonsoromero.com\/blog\/wp-json\/wp\/v2\/users\/1"}],"replies":[{"embeddable":true,"href":"http:\/\/www.alfonsoromero.com\/blog\/wp-json\/wp\/v2\/comments?post=49"}],"version-history":[{"count":8,"href":"http:\/\/www.alfonsoromero.com\/blog\/wp-json\/wp\/v2\/posts\/49\/revisions"}],"predecessor-version":[{"id":856,"href":"http:\/\/www.alfonsoromero.com\/blog\/wp-json\/wp\/v2\/posts\/49\/revisions\/856"}],"wp:attachment":[{"href":"http:\/\/www.alfonsoromero.com\/blog\/wp-json\/wp\/v2\/media?parent=49"}],"wp:term":[{"taxonomy":"category","embeddable":true,"href":"http:\/\/www.alfonsoromero.com\/blog\/wp-json\/wp\/v2\/categories?post=49"},{"taxonomy":"post_tag","embeddable":true,"href":"http:\/\/www.alfonsoromero.com\/blog\/wp-json\/wp\/v2\/tags?post=49"}],"curies":[{"name":"wp","href":"https:\/\/api.w.org\/{rel}","templated":true}]}}