{"id":413,"date":"2015-04-04T17:51:09","date_gmt":"2015-04-04T17:51:09","guid":{"rendered":"http:\/\/www.alfonsoromero.com\/blog\/?p=413"},"modified":"2016-11-09T19:23:50","modified_gmt":"2016-11-09T19:23:50","slug":"dibujos-en-lofer-austria","status":"publish","type":"post","link":"http:\/\/www.alfonsoromero.com\/blog\/obras\/paisajes\/dibujos-en-lofer-austria\/","title":{"rendered":"Dibujos en Lofer (Austria)"},"content":{"rendered":"<p>Esta semana hemos estados varios d\u00edas en Lofer, un peque\u00f1o pueblo de Austria de monta\u00f1a destinado sobre todo al turismo de esqu\u00ed. Durante estos d\u00edas realic\u00e9 algunos apuntes cuando dispon\u00eda de tiempo (por las tardes) para captar el ambiente de la zona. Aqu\u00ed os dejo algunos de estos dibujos.<\/p>\n<p>&nbsp;<\/p>\n<p><a href=\"http:\/\/www.alfonsoromero.com\/blog\/wp-content\/uploads\/2015\/04\/Alfonso_Romero_Lofer_01.jpg\" target=\"_blank\"><img decoding=\"async\" loading=\"lazy\" class=\"aligncenter wp-image-769 size-medium\" src=\"http:\/\/www.alfonsoromero.com\/blog\/wp-content\/uploads\/2015\/04\/Alfonso_Romero_Lofer_01-300x220.jpg\" alt=\"alfonso_romero_lofer_01\" width=\"300\" height=\"220\" srcset=\"http:\/\/www.alfonsoromero.com\/blog\/wp-content\/uploads\/2015\/04\/Alfonso_Romero_Lofer_01-300x220.jpg 300w, http:\/\/www.alfonsoromero.com\/blog\/wp-content\/uploads\/2015\/04\/Alfonso_Romero_Lofer_01-768x564.jpg 768w, http:\/\/www.alfonsoromero.com\/blog\/wp-content\/uploads\/2015\/04\/Alfonso_Romero_Lofer_01.jpg 800w\" sizes=\"(max-width: 300px) 100vw, 300px\" \/><\/a> <a href=\"http:\/\/www.alfonsoromero.com\/blog\/wp-content\/uploads\/2015\/04\/Alfonso_Romero_Lofer_02.jpg\" target=\"_blank\"><img decoding=\"async\" loading=\"lazy\" class=\"aligncenter wp-image-770 size-medium\" src=\"http:\/\/www.alfonsoromero.com\/blog\/wp-content\/uploads\/2015\/04\/Alfonso_Romero_Lofer_02-300x192.jpg\" alt=\"alfonso_romero_lofer_02\" width=\"300\" height=\"192\" srcset=\"http:\/\/www.alfonsoromero.com\/blog\/wp-content\/uploads\/2015\/04\/Alfonso_Romero_Lofer_02-300x192.jpg 300w, http:\/\/www.alfonsoromero.com\/blog\/wp-content\/uploads\/2015\/04\/Alfonso_Romero_Lofer_02-768x492.jpg 768w, http:\/\/www.alfonsoromero.com\/blog\/wp-content\/uploads\/2015\/04\/Alfonso_Romero_Lofer_02.jpg 800w\" sizes=\"(max-width: 300px) 100vw, 300px\" \/><\/a> <a href=\"http:\/\/www.alfonsoromero.com\/blog\/wp-content\/uploads\/2015\/04\/Alfonso_Romero_Lofer_03.jpg\" target=\"_blank\"><img decoding=\"async\" loading=\"lazy\" class=\"aligncenter wp-image-771 size-medium\" src=\"http:\/\/www.alfonsoromero.com\/blog\/wp-content\/uploads\/2015\/04\/Alfonso_Romero_Lofer_03-194x300.jpg\" alt=\"alfonso_romero_lofer_03\" width=\"194\" height=\"300\" srcset=\"http:\/\/www.alfonsoromero.com\/blog\/wp-content\/uploads\/2015\/04\/Alfonso_Romero_Lofer_03-194x300.jpg 194w, http:\/\/www.alfonsoromero.com\/blog\/wp-content\/uploads\/2015\/04\/Alfonso_Romero_Lofer_03.jpg 518w\" sizes=\"(max-width: 194px) 100vw, 194px\" \/><\/a><\/p>\n<p>&nbsp;<\/p>\n<p>Finalmente un dibujo de la iglesia de Lofer con la t\u00edpica c\u00fapula con forma de cebolla. Guardo un grato recuerdo de este momento dibujando en la diminuta plaza del pueblo y del bar tan peculiar donde me dejaron una silla para poder sentarme en la plaza y me sirvieron una buena Weizen.<\/p>\n<p><a href=\"http:\/\/www.alfonsoromero.com\/blog\/wp-content\/uploads\/2015\/04\/Alfonso_Romero_Lofer_04.jpg\" target=\"_blank\"><img decoding=\"async\" loading=\"lazy\" class=\"aligncenter wp-image-773 size-medium\" src=\"http:\/\/www.alfonsoromero.com\/blog\/wp-content\/uploads\/2015\/04\/Alfonso_Romero_Lofer_04-197x300.jpg\" alt=\"alfonso_romero_lofer_04\" width=\"197\" height=\"300\" srcset=\"http:\/\/www.alfonsoromero.com\/blog\/wp-content\/uploads\/2015\/04\/Alfonso_Romero_Lofer_04-197x300.jpg 197w, http:\/\/www.alfonsoromero.com\/blog\/wp-content\/uploads\/2015\/04\/Alfonso_Romero_Lofer_04.jpg 658w\" sizes=\"(max-width: 197px) 100vw, 197px\" \/><\/a><\/p>\n","protected":false},"excerpt":{"rendered":"<p>Esta semana hemos estados varios d\u00edas en Lofer, un peque\u00f1o pueblo de Austria de monta\u00f1a destinado sobre todo al turismo de esqu\u00ed. Durante estos d\u00edas realic\u00e9 algunos apuntes cuando dispon\u00eda de tiempo (por las tardes) para captar el ambiente de la zona. Aqu\u00ed os dejo algunos de estos dibujos. &nbsp; &nbsp; Finalmente un dibujo de [&hellip;]<\/p>\n","protected":false},"author":1,"featured_media":0,"comment_status":"open","ping_status":"open","sticky":false,"template":"","format":"standard","meta":[],"categories":[8,9,6],"tags":[],"_links":{"self":[{"href":"http:\/\/www.alfonsoromero.com\/blog\/wp-json\/wp\/v2\/posts\/413"}],"collection":[{"href":"http:\/\/www.alfonsoromero.com\/blog\/wp-json\/wp\/v2\/posts"}],"about":[{"href":"http:\/\/www.alfonsoromero.com\/blog\/wp-json\/wp\/v2\/types\/post"}],"author":[{"embeddable":true,"href":"http:\/\/www.alfonsoromero.com\/blog\/wp-json\/wp\/v2\/users\/1"}],"replies":[{"embeddable":true,"href":"http:\/\/www.alfonsoromero.com\/blog\/wp-json\/wp\/v2\/comments?post=413"}],"version-history":[{"count":9,"href":"http:\/\/www.alfonsoromero.com\/blog\/wp-json\/wp\/v2\/posts\/413\/revisions"}],"predecessor-version":[{"id":774,"href":"http:\/\/www.alfonsoromero.com\/blog\/wp-json\/wp\/v2\/posts\/413\/revisions\/774"}],"wp:attachment":[{"href":"http:\/\/www.alfonsoromero.com\/blog\/wp-json\/wp\/v2\/media?parent=413"}],"wp:term":[{"taxonomy":"category","embeddable":true,"href":"http:\/\/www.alfonsoromero.com\/blog\/wp-json\/wp\/v2\/categories?post=413"},{"taxonomy":"post_tag","embeddable":true,"href":"http:\/\/www.alfonsoromero.com\/blog\/wp-json\/wp\/v2\/tags?post=413"}],"curies":[{"name":"wp","href":"https:\/\/api.w.org\/{rel}","templated":true}]}}