{"id":404,"date":"2015-03-10T17:35:47","date_gmt":"2015-03-10T17:35:47","guid":{"rendered":"http:\/\/www.alfonsoromero.com\/blog\/?p=404"},"modified":"2016-11-06T19:08:04","modified_gmt":"2016-11-06T19:08:04","slug":"dibujo-de-lara","status":"publish","type":"post","link":"http:\/\/www.alfonsoromero.com\/blog\/obras\/retratos\/dibujo-de-lara\/","title":{"rendered":"Dibujo de Lara"},"content":{"rendered":"<p>Esta tarde, en el rato que tengo que esperar en el conservatorio entre las clases de guitarra de mis ni\u00f1os he realizado este dibujo del natural de Lara. Dispon\u00eda tan solo de media hora as\u00ed que no daba para muchos detalles. En estos casos hay que ir a lo esencial, proporciones, expresividad del trazo y frescura en la pose&#8230; En fin, este es el resultado.<\/p>\n<p><a href=\"http:\/\/www.alfonsoromero.com\/blog\/wp-content\/uploads\/2015\/03\/Alfonso_Romero_Lara_natural.jpg\" target=\"_blank\"><img decoding=\"async\" loading=\"lazy\" class=\"aligncenter wp-image-525 size-medium\" src=\"http:\/\/www.alfonsoromero.com\/blog\/wp-content\/uploads\/2015\/03\/Alfonso_Romero_Lara_natural-204x300.jpg\" width=\"204\" height=\"300\" srcset=\"http:\/\/www.alfonsoromero.com\/blog\/wp-content\/uploads\/2015\/03\/Alfonso_Romero_Lara_natural-204x300.jpg 204w, http:\/\/www.alfonsoromero.com\/blog\/wp-content\/uploads\/2015\/03\/Alfonso_Romero_Lara_natural-768x1128.jpg 768w, http:\/\/www.alfonsoromero.com\/blog\/wp-content\/uploads\/2015\/03\/Alfonso_Romero_Lara_natural-697x1024.jpg 697w, http:\/\/www.alfonsoromero.com\/blog\/wp-content\/uploads\/2015\/03\/Alfonso_Romero_Lara_natural-615x904.jpg 615w, http:\/\/www.alfonsoromero.com\/blog\/wp-content\/uploads\/2015\/03\/Alfonso_Romero_Lara_natural.jpg 817w\" sizes=\"(max-width: 204px) 100vw, 204px\" \/><\/a><\/p>\n","protected":false},"excerpt":{"rendered":"<p>Esta tarde, en el rato que tengo que esperar en el conservatorio entre las clases de guitarra de mis ni\u00f1os he realizado este dibujo del natural de Lara. Dispon\u00eda tan solo de media hora as\u00ed que no daba para muchos detalles. En estos casos hay que ir a lo esencial, proporciones, expresividad del trazo y [&hellip;]<\/p>\n","protected":false},"author":1,"featured_media":0,"comment_status":"open","ping_status":"open","sticky":false,"template":"","format":"standard","meta":[],"categories":[8,9,5],"tags":[],"_links":{"self":[{"href":"http:\/\/www.alfonsoromero.com\/blog\/wp-json\/wp\/v2\/posts\/404"}],"collection":[{"href":"http:\/\/www.alfonsoromero.com\/blog\/wp-json\/wp\/v2\/posts"}],"about":[{"href":"http:\/\/www.alfonsoromero.com\/blog\/wp-json\/wp\/v2\/types\/post"}],"author":[{"embeddable":true,"href":"http:\/\/www.alfonsoromero.com\/blog\/wp-json\/wp\/v2\/users\/1"}],"replies":[{"embeddable":true,"href":"http:\/\/www.alfonsoromero.com\/blog\/wp-json\/wp\/v2\/comments?post=404"}],"version-history":[{"count":3,"href":"http:\/\/www.alfonsoromero.com\/blog\/wp-json\/wp\/v2\/posts\/404\/revisions"}],"predecessor-version":[{"id":527,"href":"http:\/\/www.alfonsoromero.com\/blog\/wp-json\/wp\/v2\/posts\/404\/revisions\/527"}],"wp:attachment":[{"href":"http:\/\/www.alfonsoromero.com\/blog\/wp-json\/wp\/v2\/media?parent=404"}],"wp:term":[{"taxonomy":"category","embeddable":true,"href":"http:\/\/www.alfonsoromero.com\/blog\/wp-json\/wp\/v2\/categories?post=404"},{"taxonomy":"post_tag","embeddable":true,"href":"http:\/\/www.alfonsoromero.com\/blog\/wp-json\/wp\/v2\/tags?post=404"}],"curies":[{"name":"wp","href":"https:\/\/api.w.org\/{rel}","templated":true}]}}