{"id":394,"date":"2015-03-11T17:26:12","date_gmt":"2015-03-11T17:26:12","guid":{"rendered":"http:\/\/www.alfonsoromero.com\/blog\/?p=394"},"modified":"2016-11-09T19:31:01","modified_gmt":"2016-11-09T19:31:01","slug":"zirkus-en-la-escuela-europea","status":"publish","type":"post","link":"http:\/\/www.alfonsoromero.com\/blog\/dibujos\/zirkus-en-la-escuela-europea\/","title":{"rendered":"Zirkus en la Escuela Europea"},"content":{"rendered":"<p>!Ha llegado el gran circo a la Escuela Europea!<\/p>\n<p>Este lunes, al llegar a la Escuela me encontr\u00e9 la grata sorpresa de una gran carpa de circo que ocupaba todo el patio de la entrada de la Escuela. Qued\u00e9 tan fascinado con la imagen que ten\u00eda desde mi aula que decid\u00ed, durante el d\u00eda, en los peque\u00f1os espacios que ten\u00eda libre, dejar plasmado un recuero en mi libros de dibujos.<\/p>\n<p><a href=\"http:\/\/www.alfonsoromero.com\/blog\/wp-content\/uploads\/2015\/03\/Alfonso_Romero_zirkus_Escuela_Europea_01.jpg\" target=\"_blank\"><img decoding=\"async\" loading=\"lazy\" class=\"aligncenter wp-image-482 size-medium\" src=\"http:\/\/www.alfonsoromero.com\/blog\/wp-content\/uploads\/2015\/03\/Alfonso_Romero_zirkus_Escuela_Europea_01-300x213.jpg\" width=\"300\" height=\"213\" srcset=\"http:\/\/www.alfonsoromero.com\/blog\/wp-content\/uploads\/2015\/03\/Alfonso_Romero_zirkus_Escuela_Europea_01-300x213.jpg 300w, http:\/\/www.alfonsoromero.com\/blog\/wp-content\/uploads\/2015\/03\/Alfonso_Romero_zirkus_Escuela_Europea_01-768x545.jpg 768w, http:\/\/www.alfonsoromero.com\/blog\/wp-content\/uploads\/2015\/03\/Alfonso_Romero_zirkus_Escuela_Europea_01-1024x726.jpg 1024w, http:\/\/www.alfonsoromero.com\/blog\/wp-content\/uploads\/2015\/03\/Alfonso_Romero_zirkus_Escuela_Europea_01-904x641.jpg 904w, http:\/\/www.alfonsoromero.com\/blog\/wp-content\/uploads\/2015\/03\/Alfonso_Romero_zirkus_Escuela_Europea_01.jpg 1500w\" sizes=\"(max-width: 300px) 100vw, 300px\" \/><\/a><\/p>\n","protected":false},"excerpt":{"rendered":"<p>!Ha llegado el gran circo a la Escuela Europea! Este lunes, al llegar a la Escuela me encontr\u00e9 la grata sorpresa de una gran carpa de circo que ocupaba todo el patio de la entrada de la Escuela. Qued\u00e9 tan fascinado con la imagen que ten\u00eda desde mi aula que decid\u00ed, durante el d\u00eda, en [&hellip;]<\/p>\n","protected":false},"author":1,"featured_media":0,"comment_status":"open","ping_status":"open","sticky":false,"template":"","format":"standard","meta":[],"categories":[8,9],"tags":[],"_links":{"self":[{"href":"http:\/\/www.alfonsoromero.com\/blog\/wp-json\/wp\/v2\/posts\/394"}],"collection":[{"href":"http:\/\/www.alfonsoromero.com\/blog\/wp-json\/wp\/v2\/posts"}],"about":[{"href":"http:\/\/www.alfonsoromero.com\/blog\/wp-json\/wp\/v2\/types\/post"}],"author":[{"embeddable":true,"href":"http:\/\/www.alfonsoromero.com\/blog\/wp-json\/wp\/v2\/users\/1"}],"replies":[{"embeddable":true,"href":"http:\/\/www.alfonsoromero.com\/blog\/wp-json\/wp\/v2\/comments?post=394"}],"version-history":[{"count":6,"href":"http:\/\/www.alfonsoromero.com\/blog\/wp-json\/wp\/v2\/posts\/394\/revisions"}],"predecessor-version":[{"id":787,"href":"http:\/\/www.alfonsoromero.com\/blog\/wp-json\/wp\/v2\/posts\/394\/revisions\/787"}],"wp:attachment":[{"href":"http:\/\/www.alfonsoromero.com\/blog\/wp-json\/wp\/v2\/media?parent=394"}],"wp:term":[{"taxonomy":"category","embeddable":true,"href":"http:\/\/www.alfonsoromero.com\/blog\/wp-json\/wp\/v2\/categories?post=394"},{"taxonomy":"post_tag","embeddable":true,"href":"http:\/\/www.alfonsoromero.com\/blog\/wp-json\/wp\/v2\/tags?post=394"}],"curies":[{"name":"wp","href":"https:\/\/api.w.org\/{rel}","templated":true}]}}