{"id":388,"date":"2015-03-17T17:16:18","date_gmt":"2015-03-17T17:16:18","guid":{"rendered":"http:\/\/www.alfonsoromero.com\/blog\/?p=388"},"modified":"2016-11-06T19:06:33","modified_gmt":"2016-11-06T19:06:33","slug":"arboles-vestidos-proyecto-de-la-escuela-europea","status":"publish","type":"post","link":"http:\/\/www.alfonsoromero.com\/blog\/dibujos\/arboles-vestidos-proyecto-de-la-escuela-europea\/","title":{"rendered":"\u00c1rboles vestidos &#8211; Proyecto de la Escuela Europea"},"content":{"rendered":"<p>Esta semana han sido los d\u00edas de proyectos en la Escuela Europea. Uno de los proyectos llam\u00f3 poderosamente mi atenci\u00f3n cuando v\u00ed el resultado pl\u00e1stico que provocaba en vestir los \u00e1rboles con los pompones y vestidos de ganchillo que hab\u00edan realizado los alumnos. Los colores luminosos y saturalos de los cuadros contrastaban con los tonos neutros de los troncos y en general del gris que inunda todo cuando est\u00e1 nublado en Alemania.<\/p>\n<p>&nbsp;<\/p>\n<p><a href=\"http:\/\/www.alfonsoromero.com\/blog\/wp-content\/uploads\/2015\/03\/Alfonso_Romero_arboles_vestidos_01.jpg\" target=\"_blank\"><img decoding=\"async\" loading=\"lazy\" class=\"aligncenter wp-image-518 size-medium\" src=\"http:\/\/www.alfonsoromero.com\/blog\/wp-content\/uploads\/2015\/03\/Alfonso_Romero_arboles_vestidos_01-204x300.jpg\" width=\"204\" height=\"300\" srcset=\"http:\/\/www.alfonsoromero.com\/blog\/wp-content\/uploads\/2015\/03\/Alfonso_Romero_arboles_vestidos_01-204x300.jpg 204w, http:\/\/www.alfonsoromero.com\/blog\/wp-content\/uploads\/2015\/03\/Alfonso_Romero_arboles_vestidos_01-768x1132.jpg 768w, http:\/\/www.alfonsoromero.com\/blog\/wp-content\/uploads\/2015\/03\/Alfonso_Romero_arboles_vestidos_01-695x1024.jpg 695w, http:\/\/www.alfonsoromero.com\/blog\/wp-content\/uploads\/2015\/03\/Alfonso_Romero_arboles_vestidos_01-613x904.jpg 613w, http:\/\/www.alfonsoromero.com\/blog\/wp-content\/uploads\/2015\/03\/Alfonso_Romero_arboles_vestidos_01.jpg 814w\" sizes=\"(max-width: 204px) 100vw, 204px\" \/><\/a><\/p>\n<p style=\"text-align: center;\">Estos son dos dibujos del natural que hice en mi libro de apuntes.<\/p>\n<p>\u00a0<a href=\"http:\/\/www.alfonsoromero.com\/blog\/wp-content\/uploads\/2015\/03\/Alfonso_Romero_arboles_vestidos_02-1.jpg\" target=\"_blank\"><img decoding=\"async\" loading=\"lazy\" class=\"aligncenter wp-image-521 size-medium\" src=\"http:\/\/www.alfonsoromero.com\/blog\/wp-content\/uploads\/2015\/03\/Alfonso_Romero_arboles_vestidos_02-1-204x300.jpg\" width=\"204\" height=\"300\" srcset=\"http:\/\/www.alfonsoromero.com\/blog\/wp-content\/uploads\/2015\/03\/Alfonso_Romero_arboles_vestidos_02-1-204x300.jpg 204w, http:\/\/www.alfonsoromero.com\/blog\/wp-content\/uploads\/2015\/03\/Alfonso_Romero_arboles_vestidos_02-1-768x1128.jpg 768w, http:\/\/www.alfonsoromero.com\/blog\/wp-content\/uploads\/2015\/03\/Alfonso_Romero_arboles_vestidos_02-1-697x1024.jpg 697w, http:\/\/www.alfonsoromero.com\/blog\/wp-content\/uploads\/2015\/03\/Alfonso_Romero_arboles_vestidos_02-1-615x904.jpg 615w, http:\/\/www.alfonsoromero.com\/blog\/wp-content\/uploads\/2015\/03\/Alfonso_Romero_arboles_vestidos_02-1.jpg 817w\" sizes=\"(max-width: 204px) 100vw, 204px\" \/><\/a><\/p>\n","protected":false},"excerpt":{"rendered":"<p>Esta semana han sido los d\u00edas de proyectos en la Escuela Europea. Uno de los proyectos llam\u00f3 poderosamente mi atenci\u00f3n cuando v\u00ed el resultado pl\u00e1stico que provocaba en vestir los \u00e1rboles con los pompones y vestidos de ganchillo que hab\u00edan realizado los alumnos. Los colores luminosos y saturalos de los cuadros contrastaban con los tonos [&hellip;]<\/p>\n","protected":false},"author":1,"featured_media":0,"comment_status":"open","ping_status":"open","sticky":false,"template":"","format":"standard","meta":[],"categories":[8,9],"tags":[],"_links":{"self":[{"href":"http:\/\/www.alfonsoromero.com\/blog\/wp-json\/wp\/v2\/posts\/388"}],"collection":[{"href":"http:\/\/www.alfonsoromero.com\/blog\/wp-json\/wp\/v2\/posts"}],"about":[{"href":"http:\/\/www.alfonsoromero.com\/blog\/wp-json\/wp\/v2\/types\/post"}],"author":[{"embeddable":true,"href":"http:\/\/www.alfonsoromero.com\/blog\/wp-json\/wp\/v2\/users\/1"}],"replies":[{"embeddable":true,"href":"http:\/\/www.alfonsoromero.com\/blog\/wp-json\/wp\/v2\/comments?post=388"}],"version-history":[{"count":5,"href":"http:\/\/www.alfonsoromero.com\/blog\/wp-json\/wp\/v2\/posts\/388\/revisions"}],"predecessor-version":[{"id":523,"href":"http:\/\/www.alfonsoromero.com\/blog\/wp-json\/wp\/v2\/posts\/388\/revisions\/523"}],"wp:attachment":[{"href":"http:\/\/www.alfonsoromero.com\/blog\/wp-json\/wp\/v2\/media?parent=388"}],"wp:term":[{"taxonomy":"category","embeddable":true,"href":"http:\/\/www.alfonsoromero.com\/blog\/wp-json\/wp\/v2\/categories?post=388"},{"taxonomy":"post_tag","embeddable":true,"href":"http:\/\/www.alfonsoromero.com\/blog\/wp-json\/wp\/v2\/tags?post=388"}],"curies":[{"name":"wp","href":"https:\/\/api.w.org\/{rel}","templated":true}]}}