{"id":374,"date":"2015-04-12T18:49:53","date_gmt":"2015-04-12T18:49:53","guid":{"rendered":"http:\/\/www.alfonsoromero.com\/blog\/?p=374"},"modified":"2016-11-09T19:29:30","modified_gmt":"2016-11-09T19:29:30","slug":"paisaje-del-natural-desde-lamprechhof-hacia-turmberg","status":"publish","type":"post","link":"http:\/\/www.alfonsoromero.com\/blog\/obras\/paisajes\/paisaje-del-natural-desde-lamprechhof-hacia-turmberg\/","title":{"rendered":"Paisaje del natural desde Lamprechtshof hacia Turmberg"},"content":{"rendered":"<p>Esta tarde hemos salido al campo en famila a pintar. Lara se ha quedado en casa de una amiga y nosotros hemos pasado la tarde en plena naturaleza aprovechando la magnifica tarde que hac\u00eda.<\/p>\n<p style=\"text-align: center;\"><a href=\"http:\/\/www.alfonsoromero.com\/blog\/wp-content\/uploads\/2015\/04\/Pintando_natural.jpg\" target=\"_blank\"><img decoding=\"async\" loading=\"lazy\" class=\"aligncenter wp-image-781 size-medium\" src=\"http:\/\/www.alfonsoromero.com\/blog\/wp-content\/uploads\/2015\/04\/Pintando_natural-233x300.jpg\" alt=\"pintando_natural\" width=\"233\" height=\"300\" srcset=\"http:\/\/www.alfonsoromero.com\/blog\/wp-content\/uploads\/2015\/04\/Pintando_natural-233x300.jpg 233w, http:\/\/www.alfonsoromero.com\/blog\/wp-content\/uploads\/2015\/04\/Pintando_natural.jpg 466w\" sizes=\"(max-width: 233px) 100vw, 233px\" \/><\/a>He llevado el set de \u00f3leos y varias tablas de peque\u00f1o formato.<\/p>\n<p style=\"text-align: center;\"><a href=\"http:\/\/www.alfonsoromero.com\/blog\/wp-content\/uploads\/2015\/04\/Pintando_natural_02.jpg\" target=\"_blank\"><img decoding=\"async\" loading=\"lazy\" class=\"aligncenter wp-image-782 size-medium\" src=\"http:\/\/www.alfonsoromero.com\/blog\/wp-content\/uploads\/2015\/04\/Pintando_natural_02-300x200.jpg\" alt=\"pintando_natural_02\" width=\"300\" height=\"200\" srcset=\"http:\/\/www.alfonsoromero.com\/blog\/wp-content\/uploads\/2015\/04\/Pintando_natural_02-300x200.jpg 300w, http:\/\/www.alfonsoromero.com\/blog\/wp-content\/uploads\/2015\/04\/Pintando_natural_02.jpg 700w\" sizes=\"(max-width: 300px) 100vw, 300px\" \/><\/a>La concentraci\u00f3n es m\u00e1xima cuando pintas al natural porque dispones de poco tiempo y las condiciones atmosf\u00e9ricas est\u00e1n en constante cambio.<\/p>\n<p><a href=\"http:\/\/www.alfonsoromero.com\/blog\/wp-content\/uploads\/2015\/04\/Pintando_natural_04.jpg\" target=\"_blank\"><img decoding=\"async\" loading=\"lazy\" class=\"aligncenter wp-image-783 size-medium\" src=\"http:\/\/www.alfonsoromero.com\/blog\/wp-content\/uploads\/2015\/04\/Pintando_natural_04-300x201.jpg\" alt=\"pintando_natural_04\" width=\"300\" height=\"201\" srcset=\"http:\/\/www.alfonsoromero.com\/blog\/wp-content\/uploads\/2015\/04\/Pintando_natural_04-300x201.jpg 300w, http:\/\/www.alfonsoromero.com\/blog\/wp-content\/uploads\/2015\/04\/Pintando_natural_04-768x515.jpg 768w, http:\/\/www.alfonsoromero.com\/blog\/wp-content\/uploads\/2015\/04\/Pintando_natural_04.jpg 1000w\" sizes=\"(max-width: 300px) 100vw, 300px\" \/><\/a><\/p>\n<p style=\"text-align: justify;\"><a href=\"http:\/\/www.alfonsoromero.com\/blog\/wp-content\/uploads\/2015\/04\/Pintando_natural_03.jpg\" target=\"_blank\"><img decoding=\"async\" loading=\"lazy\" class=\"aligncenter wp-image-785 size-medium\" src=\"http:\/\/www.alfonsoromero.com\/blog\/wp-content\/uploads\/2015\/04\/Pintando_natural_03-300x208.jpg\" alt=\"pintando_natural_03\" width=\"300\" height=\"208\" srcset=\"http:\/\/www.alfonsoromero.com\/blog\/wp-content\/uploads\/2015\/04\/Pintando_natural_03-300x208.jpg 300w, http:\/\/www.alfonsoromero.com\/blog\/wp-content\/uploads\/2015\/04\/Pintando_natural_03-768x533.jpg 768w, http:\/\/www.alfonsoromero.com\/blog\/wp-content\/uploads\/2015\/04\/Pintando_natural_03.jpg 1000w\" sizes=\"(max-width: 300px) 100vw, 300px\" \/><\/a>Hoy hab\u00eda que darle protagonismo al cielo con sus pomposas nubes. Aunque hac\u00eda un poco de viento y las nubes cambiaban de forma con mucha rapidez, ha merecido la pena centrar la atenci\u00f3n en el cielo observando los cambios sutiles de tonalidades fr\u00edas y c\u00e1lidas.<\/p>\n<p style=\"text-align: center;\"><a href=\"http:\/\/www.alfonsoromero.com\/blog\/wp-content\/uploads\/2015\/04\/Blick-auf-Turmberg.jpg\" target=\"_blank\"><img decoding=\"async\" loading=\"lazy\" class=\"aligncenter wp-image-784 size-large\" src=\"http:\/\/www.alfonsoromero.com\/blog\/wp-content\/uploads\/2015\/04\/Blick-auf-Turmberg-1024x825.jpg\" alt=\"blick-auf-turmberg\" width=\"750\" height=\"604\" srcset=\"http:\/\/www.alfonsoromero.com\/blog\/wp-content\/uploads\/2015\/04\/Blick-auf-Turmberg-1024x825.jpg 1024w, http:\/\/www.alfonsoromero.com\/blog\/wp-content\/uploads\/2015\/04\/Blick-auf-Turmberg-300x242.jpg 300w, http:\/\/www.alfonsoromero.com\/blog\/wp-content\/uploads\/2015\/04\/Blick-auf-Turmberg-768x619.jpg 768w, http:\/\/www.alfonsoromero.com\/blog\/wp-content\/uploads\/2015\/04\/Blick-auf-Turmberg-1200x967.jpg 1200w, http:\/\/www.alfonsoromero.com\/blog\/wp-content\/uploads\/2015\/04\/Blick-auf-Turmberg.jpg 1662w\" sizes=\"(max-width: 750px) 100vw, 750px\" \/><\/a>23&#215;16,2 cm &#8211; \u00d3leo sobre tabla<\/p>\n","protected":false},"excerpt":{"rendered":"<p>Esta tarde hemos salido al campo en famila a pintar. Lara se ha quedado en casa de una amiga y nosotros hemos pasado la tarde en plena naturaleza aprovechando la magnifica tarde que hac\u00eda. He llevado el set de \u00f3leos y varias tablas de peque\u00f1o formato. La concentraci\u00f3n es m\u00e1xima cuando pintas al natural porque [&hellip;]<\/p>\n","protected":false},"author":1,"featured_media":0,"comment_status":"open","ping_status":"open","sticky":false,"template":"","format":"image","meta":[],"categories":[9,6],"tags":[],"_links":{"self":[{"href":"http:\/\/www.alfonsoromero.com\/blog\/wp-json\/wp\/v2\/posts\/374"}],"collection":[{"href":"http:\/\/www.alfonsoromero.com\/blog\/wp-json\/wp\/v2\/posts"}],"about":[{"href":"http:\/\/www.alfonsoromero.com\/blog\/wp-json\/wp\/v2\/types\/post"}],"author":[{"embeddable":true,"href":"http:\/\/www.alfonsoromero.com\/blog\/wp-json\/wp\/v2\/users\/1"}],"replies":[{"embeddable":true,"href":"http:\/\/www.alfonsoromero.com\/blog\/wp-json\/wp\/v2\/comments?post=374"}],"version-history":[{"count":12,"href":"http:\/\/www.alfonsoromero.com\/blog\/wp-json\/wp\/v2\/posts\/374\/revisions"}],"predecessor-version":[{"id":786,"href":"http:\/\/www.alfonsoromero.com\/blog\/wp-json\/wp\/v2\/posts\/374\/revisions\/786"}],"wp:attachment":[{"href":"http:\/\/www.alfonsoromero.com\/blog\/wp-json\/wp\/v2\/media?parent=374"}],"wp:term":[{"taxonomy":"category","embeddable":true,"href":"http:\/\/www.alfonsoromero.com\/blog\/wp-json\/wp\/v2\/categories?post=374"},{"taxonomy":"post_tag","embeddable":true,"href":"http:\/\/www.alfonsoromero.com\/blog\/wp-json\/wp\/v2\/tags?post=374"}],"curies":[{"name":"wp","href":"https:\/\/api.w.org\/{rel}","templated":true}]}}