{"id":365,"date":"2015-03-22T17:34:34","date_gmt":"2015-03-22T17:34:34","guid":{"rendered":"http:\/\/www.alfonsoromero.com\/blog\/?p=365"},"modified":"2016-11-09T19:20:39","modified_gmt":"2016-11-09T19:20:39","slug":"retrato-rapido-del-natural-yael","status":"publish","type":"post","link":"http:\/\/www.alfonsoromero.com\/blog\/obras\/retratos\/retrato-rapido-del-natural-yael\/","title":{"rendered":"Retrato r\u00e1pido del natural &#8211; Ya\u00ebl"},"content":{"rendered":"<p>A continuaci\u00f3n os dejo un dibujo r\u00e1pido que hice el otro d\u00eda en una sesi\u00f3n del natural de unos 20-30 minutos. Modelo: Ya\u00ebl.<\/p>\n<p><a href=\"http:\/\/www.alfonsoromero.com\/blog\/wp-content\/uploads\/2015\/03\/Yael_Escuela-Europea.jpg\" target=\"_blank\"><img decoding=\"async\" loading=\"lazy\" class=\"aligncenter wp-image-766 size-medium\" src=\"http:\/\/www.alfonsoromero.com\/blog\/wp-content\/uploads\/2015\/03\/Yael_Escuela-Europea-246x300.jpg\" alt=\"yael_escuela-europea\" width=\"246\" height=\"300\" srcset=\"http:\/\/www.alfonsoromero.com\/blog\/wp-content\/uploads\/2015\/03\/Yael_Escuela-Europea-246x300.jpg 246w, http:\/\/www.alfonsoromero.com\/blog\/wp-content\/uploads\/2015\/03\/Yael_Escuela-Europea-768x937.jpg 768w, http:\/\/www.alfonsoromero.com\/blog\/wp-content\/uploads\/2015\/03\/Yael_Escuela-Europea.jpg 820w\" sizes=\"(max-width: 246px) 100vw, 246px\" \/><\/a><\/p>\n<p>&nbsp;<\/p>\n<p>Detalle de la cara.<\/p>\n<p><img decoding=\"async\" loading=\"lazy\" class=\"aligncenter wp-image-767 size-full\" src=\"http:\/\/www.alfonsoromero.com\/blog\/wp-content\/uploads\/2015\/03\/Yael_Escuela-Europea_detalle.jpg\" alt=\"yael_escuela-europea_detalle\" width=\"800\" height=\"522\" srcset=\"http:\/\/www.alfonsoromero.com\/blog\/wp-content\/uploads\/2015\/03\/Yael_Escuela-Europea_detalle.jpg 800w, http:\/\/www.alfonsoromero.com\/blog\/wp-content\/uploads\/2015\/03\/Yael_Escuela-Europea_detalle-300x196.jpg 300w, http:\/\/www.alfonsoromero.com\/blog\/wp-content\/uploads\/2015\/03\/Yael_Escuela-Europea_detalle-768x501.jpg 768w\" sizes=\"(max-width: 800px) 100vw, 800px\" \/><\/p>\n","protected":false},"excerpt":{"rendered":"<p>A continuaci\u00f3n os dejo un dibujo r\u00e1pido que hice el otro d\u00eda en una sesi\u00f3n del natural de unos 20-30 minutos. Modelo: Ya\u00ebl. &nbsp; Detalle de la cara.<\/p>\n","protected":false},"author":1,"featured_media":0,"comment_status":"open","ping_status":"open","sticky":false,"template":"","format":"standard","meta":[],"categories":[8,9,5],"tags":[],"_links":{"self":[{"href":"http:\/\/www.alfonsoromero.com\/blog\/wp-json\/wp\/v2\/posts\/365"}],"collection":[{"href":"http:\/\/www.alfonsoromero.com\/blog\/wp-json\/wp\/v2\/posts"}],"about":[{"href":"http:\/\/www.alfonsoromero.com\/blog\/wp-json\/wp\/v2\/types\/post"}],"author":[{"embeddable":true,"href":"http:\/\/www.alfonsoromero.com\/blog\/wp-json\/wp\/v2\/users\/1"}],"replies":[{"embeddable":true,"href":"http:\/\/www.alfonsoromero.com\/blog\/wp-json\/wp\/v2\/comments?post=365"}],"version-history":[{"count":7,"href":"http:\/\/www.alfonsoromero.com\/blog\/wp-json\/wp\/v2\/posts\/365\/revisions"}],"predecessor-version":[{"id":768,"href":"http:\/\/www.alfonsoromero.com\/blog\/wp-json\/wp\/v2\/posts\/365\/revisions\/768"}],"wp:attachment":[{"href":"http:\/\/www.alfonsoromero.com\/blog\/wp-json\/wp\/v2\/media?parent=365"}],"wp:term":[{"taxonomy":"category","embeddable":true,"href":"http:\/\/www.alfonsoromero.com\/blog\/wp-json\/wp\/v2\/categories?post=365"},{"taxonomy":"post_tag","embeddable":true,"href":"http:\/\/www.alfonsoromero.com\/blog\/wp-json\/wp\/v2\/tags?post=365"}],"curies":[{"name":"wp","href":"https:\/\/api.w.org\/{rel}","templated":true}]}}