{"id":36,"date":"2012-02-18T23:43:27","date_gmt":"2012-02-18T23:43:27","guid":{"rendered":"http:\/\/www.alfonsoromero.com\/blog\/?p=36"},"modified":"2016-11-07T14:11:25","modified_gmt":"2016-11-07T14:11:25","slug":"paisaje-nevado-de-sierra-nevada-1","status":"publish","type":"post","link":"http:\/\/www.alfonsoromero.com\/blog\/obras\/paisaje-nevado-de-sierra-nevada-1\/","title":{"rendered":"Paisaje Nevado de Sierra Nevada 1"},"content":{"rendered":"<p align=\"justify\">Esta es mi primera obra de los paisajes nevados de monta\u00f1a. He usado un formato peque\u00f1o de 50&#215;50 para hacer las primeras pruebas. He utilizado el \u00f3leo para realizar la obra pero creo que con acr\u00edlico podr\u00eda conseguir efectos parecidos de una forma m\u00e1s instant\u00e1nea. Me interesaba mucho poder jugar con las diferentes tonalidades de blanco (que obviamente no son blancos sino grises y azules) y el juego de contrastes entre las rocas no nevadas. La composici\u00f3n de las rocas dibujando una l\u00ednea diagonal me atra\u00eda especialmente aunque pod\u00eda resultar algo arriesgada ya que atraviesa toda la composici\u00f3n. Finalmente creo que es un buen comienzo para una serie que promete diversi\u00f3n.<\/p>\n<p><a href=\"http:\/\/www.alfonsoromero.com\/blog\/wp-content\/uploads\/2012\/02\/Nieve_01.jpg\" target=\"_blank\"><img decoding=\"async\" loading=\"lazy\" class=\"aligncenter wp-image-625 size-medium\" src=\"http:\/\/www.alfonsoromero.com\/blog\/wp-content\/uploads\/2012\/02\/Nieve_01-300x300.jpg\" width=\"300\" height=\"300\" srcset=\"http:\/\/www.alfonsoromero.com\/blog\/wp-content\/uploads\/2012\/02\/Nieve_01-300x300.jpg 300w, http:\/\/www.alfonsoromero.com\/blog\/wp-content\/uploads\/2012\/02\/Nieve_01-150x150.jpg 150w, http:\/\/www.alfonsoromero.com\/blog\/wp-content\/uploads\/2012\/02\/Nieve_01.jpg 720w\" sizes=\"(max-width: 300px) 100vw, 300px\" \/><\/a><\/p>\n","protected":false},"excerpt":{"rendered":"<p>Esta es mi primera obra de los paisajes nevados de monta\u00f1a. He usado un formato peque\u00f1o de 50&#215;50 para hacer las primeras pruebas. He utilizado el \u00f3leo para realizar la obra pero creo que con acr\u00edlico podr\u00eda conseguir efectos parecidos de una forma m\u00e1s instant\u00e1nea. Me interesaba mucho poder jugar con las diferentes tonalidades de [&hellip;]<\/p>\n","protected":false},"author":1,"featured_media":0,"comment_status":"open","ping_status":"open","sticky":false,"template":"","format":"standard","meta":[],"categories":[4,6],"tags":[],"_links":{"self":[{"href":"http:\/\/www.alfonsoromero.com\/blog\/wp-json\/wp\/v2\/posts\/36"}],"collection":[{"href":"http:\/\/www.alfonsoromero.com\/blog\/wp-json\/wp\/v2\/posts"}],"about":[{"href":"http:\/\/www.alfonsoromero.com\/blog\/wp-json\/wp\/v2\/types\/post"}],"author":[{"embeddable":true,"href":"http:\/\/www.alfonsoromero.com\/blog\/wp-json\/wp\/v2\/users\/1"}],"replies":[{"embeddable":true,"href":"http:\/\/www.alfonsoromero.com\/blog\/wp-json\/wp\/v2\/comments?post=36"}],"version-history":[{"count":10,"href":"http:\/\/www.alfonsoromero.com\/blog\/wp-json\/wp\/v2\/posts\/36\/revisions"}],"predecessor-version":[{"id":627,"href":"http:\/\/www.alfonsoromero.com\/blog\/wp-json\/wp\/v2\/posts\/36\/revisions\/627"}],"wp:attachment":[{"href":"http:\/\/www.alfonsoromero.com\/blog\/wp-json\/wp\/v2\/media?parent=36"}],"wp:term":[{"taxonomy":"category","embeddable":true,"href":"http:\/\/www.alfonsoromero.com\/blog\/wp-json\/wp\/v2\/categories?post=36"},{"taxonomy":"post_tag","embeddable":true,"href":"http:\/\/www.alfonsoromero.com\/blog\/wp-json\/wp\/v2\/tags?post=36"}],"curies":[{"name":"wp","href":"https:\/\/api.w.org\/{rel}","templated":true}]}}