{"id":350,"date":"2015-03-01T15:13:51","date_gmt":"2015-03-01T15:13:51","guid":{"rendered":"http:\/\/www.alfonsoromero.com\/blog\/?p=350"},"modified":"2016-11-09T19:38:49","modified_gmt":"2016-11-09T19:38:49","slug":"retrato-de-nino-emil","status":"publish","type":"post","link":"http:\/\/www.alfonsoromero.com\/blog\/proceso\/retrato-de-nino-emil\/","title":{"rendered":"Retrato de ni\u00f1o &#8211; Emil"},"content":{"rendered":"<p>&nbsp;<\/p>\n<p>Este es otro retrato de sesi\u00f3n \u00fanica realizado con l\u00e1piz de grafito sobre papel Guarro ligeramente tintado. El tintado es realmente de tonos c\u00e1lidos aunque en la imagen se perciban como fr\u00edos.<\/p>\n<p>&nbsp;<\/p>\n<p><a href=\"http:\/\/www.alfonsoromero.com\/blog\/wp-content\/uploads\/2015\/03\/Emil_03.jpg\" target=\"_blank\"><img decoding=\"async\" loading=\"lazy\" class=\"aligncenter wp-image-796 size-medium\" src=\"http:\/\/www.alfonsoromero.com\/blog\/wp-content\/uploads\/2015\/03\/Emil_03-221x300.jpg\" alt=\"emil_03\" width=\"221\" height=\"300\" srcset=\"http:\/\/www.alfonsoromero.com\/blog\/wp-content\/uploads\/2015\/03\/Emil_03-221x300.jpg 221w, http:\/\/www.alfonsoromero.com\/blog\/wp-content\/uploads\/2015\/03\/Emil_03.jpg 588w\" sizes=\"(max-width: 221px) 100vw, 221px\" \/><\/a><\/p>\n<p style=\"text-align: center;\">Emil<\/p>\n<p>&nbsp;<\/p>\n<p style=\"text-align: center;\">Detalles de la cara.<\/p>\n<p><a href=\"http:\/\/www.alfonsoromero.com\/blog\/wp-content\/uploads\/2015\/03\/Emil_02.jpg\" target=\"_blank\"><img decoding=\"async\" loading=\"lazy\" class=\"aligncenter wp-image-797 size-medium\" src=\"http:\/\/www.alfonsoromero.com\/blog\/wp-content\/uploads\/2015\/03\/Emil_02-300x197.jpg\" alt=\"emil_02\" width=\"300\" height=\"197\" srcset=\"http:\/\/www.alfonsoromero.com\/blog\/wp-content\/uploads\/2015\/03\/Emil_02-300x197.jpg 300w, http:\/\/www.alfonsoromero.com\/blog\/wp-content\/uploads\/2015\/03\/Emil_02-768x504.jpg 768w, http:\/\/www.alfonsoromero.com\/blog\/wp-content\/uploads\/2015\/03\/Emil_02.jpg 800w\" sizes=\"(max-width: 300px) 100vw, 300px\" \/><\/a> <a href=\"http:\/\/www.alfonsoromero.com\/blog\/wp-content\/uploads\/2015\/03\/Emil_04.jpg\" target=\"_blank\"><img decoding=\"async\" loading=\"lazy\" class=\"aligncenter wp-image-798 size-medium\" src=\"http:\/\/www.alfonsoromero.com\/blog\/wp-content\/uploads\/2015\/03\/Emil_04-200x300.jpg\" alt=\"emil_04\" width=\"200\" height=\"300\" srcset=\"http:\/\/www.alfonsoromero.com\/blog\/wp-content\/uploads\/2015\/03\/Emil_04-200x300.jpg 200w, http:\/\/www.alfonsoromero.com\/blog\/wp-content\/uploads\/2015\/03\/Emil_04.jpg 533w\" sizes=\"(max-width: 200px) 100vw, 200px\" \/><\/a><\/p>\n<p>&nbsp;<\/p>\n<p>A continuaci\u00f3n un v\u00eddeo del proceso de ejecuci\u00f3n:<\/p>\n<p><iframe loading=\"lazy\" width=\"750\" height=\"422\" src=\"https:\/\/www.youtube.com\/embed\/dsp6I6tqbB8?feature=oembed\" frameborder=\"0\" allowfullscreen><\/iframe><\/p>\n<p>&nbsp;<\/p>\n","protected":false},"excerpt":{"rendered":"<p>&nbsp; Este es otro retrato de sesi\u00f3n \u00fanica realizado con l\u00e1piz de grafito sobre papel Guarro ligeramente tintado. El tintado es realmente de tonos c\u00e1lidos aunque en la imagen se perciban como fr\u00edos. &nbsp; Emil &nbsp; Detalles de la cara. &nbsp; A continuaci\u00f3n un v\u00eddeo del proceso de ejecuci\u00f3n: &nbsp;<\/p>\n","protected":false},"author":1,"featured_media":0,"comment_status":"open","ping_status":"open","sticky":false,"template":"","format":"standard","meta":[],"categories":[8,2,5],"tags":[],"_links":{"self":[{"href":"http:\/\/www.alfonsoromero.com\/blog\/wp-json\/wp\/v2\/posts\/350"}],"collection":[{"href":"http:\/\/www.alfonsoromero.com\/blog\/wp-json\/wp\/v2\/posts"}],"about":[{"href":"http:\/\/www.alfonsoromero.com\/blog\/wp-json\/wp\/v2\/types\/post"}],"author":[{"embeddable":true,"href":"http:\/\/www.alfonsoromero.com\/blog\/wp-json\/wp\/v2\/users\/1"}],"replies":[{"embeddable":true,"href":"http:\/\/www.alfonsoromero.com\/blog\/wp-json\/wp\/v2\/comments?post=350"}],"version-history":[{"count":9,"href":"http:\/\/www.alfonsoromero.com\/blog\/wp-json\/wp\/v2\/posts\/350\/revisions"}],"predecessor-version":[{"id":800,"href":"http:\/\/www.alfonsoromero.com\/blog\/wp-json\/wp\/v2\/posts\/350\/revisions\/800"}],"wp:attachment":[{"href":"http:\/\/www.alfonsoromero.com\/blog\/wp-json\/wp\/v2\/media?parent=350"}],"wp:term":[{"taxonomy":"category","embeddable":true,"href":"http:\/\/www.alfonsoromero.com\/blog\/wp-json\/wp\/v2\/categories?post=350"},{"taxonomy":"post_tag","embeddable":true,"href":"http:\/\/www.alfonsoromero.com\/blog\/wp-json\/wp\/v2\/tags?post=350"}],"curies":[{"name":"wp","href":"https:\/\/api.w.org\/{rel}","templated":true}]}}