{"id":335,"date":"2015-03-01T23:03:19","date_gmt":"2015-03-01T23:03:19","guid":{"rendered":"http:\/\/www.alfonsoromero.com\/blog\/?p=335"},"modified":"2016-11-09T19:35:51","modified_gmt":"2016-11-09T19:35:51","slug":"retrato-de-nina-elna","status":"publish","type":"post","link":"http:\/\/www.alfonsoromero.com\/blog\/proceso\/retrato-de-nina-elna\/","title":{"rendered":"Retrato de ni\u00f1a &#8211; Elna"},"content":{"rendered":"<p>Otro retrato de medio formato a l\u00e1piz. Utilizo un papel ligeramente tintado de Guarro. Para el dibujo utilizo diferentes numeraciones de l\u00e1pices de grafito.<br \/>\nElna.<a href=\"http:\/\/www.alfonsoromero.com\/blog\/wp-content\/uploads\/2015\/03\/Elna_01.jpg\" target=\"_blank\"><img decoding=\"async\" loading=\"lazy\" class=\"aligncenter wp-image-792 size-medium\" src=\"http:\/\/www.alfonsoromero.com\/blog\/wp-content\/uploads\/2015\/03\/Elna_01-216x300.jpg\" alt=\"elna_01\" width=\"216\" height=\"300\" srcset=\"http:\/\/www.alfonsoromero.com\/blog\/wp-content\/uploads\/2015\/03\/Elna_01-216x300.jpg 216w, http:\/\/www.alfonsoromero.com\/blog\/wp-content\/uploads\/2015\/03\/Elna_01.jpg 577w\" sizes=\"(max-width: 216px) 100vw, 216px\" \/><\/a><\/p>\n<p>&nbsp;<\/p>\n<p style=\"text-align: center;\">Detalle de la cara.<\/p>\n<p><a href=\"http:\/\/www.alfonsoromero.com\/blog\/wp-content\/uploads\/2015\/03\/Elna_02.jpg\" target=\"_blank\"><img decoding=\"async\" loading=\"lazy\" class=\"aligncenter wp-image-793 size-medium\" src=\"http:\/\/www.alfonsoromero.com\/blog\/wp-content\/uploads\/2015\/03\/Elna_02-300x211.jpg\" alt=\"elna_02\" width=\"300\" height=\"211\" srcset=\"http:\/\/www.alfonsoromero.com\/blog\/wp-content\/uploads\/2015\/03\/Elna_02-300x211.jpg 300w, http:\/\/www.alfonsoromero.com\/blog\/wp-content\/uploads\/2015\/03\/Elna_02-768x540.jpg 768w, http:\/\/www.alfonsoromero.com\/blog\/wp-content\/uploads\/2015\/03\/Elna_02.jpg 800w\" sizes=\"(max-width: 300px) 100vw, 300px\" \/><\/a><\/p>\n<p>&nbsp;<\/p>\n<p style=\"text-align: center;\">A continuaci\u00f3n os dejo un v\u00eddeo del proceso de ejecuci\u00f3n:<\/p>\n<p><iframe loading=\"lazy\" width=\"750\" height=\"422\" src=\"https:\/\/www.youtube.com\/embed\/s2iqm5qzycs?feature=oembed\" frameborder=\"0\" allowfullscreen><\/iframe><\/p>\n","protected":false},"excerpt":{"rendered":"<p>Otro retrato de medio formato a l\u00e1piz. Utilizo un papel ligeramente tintado de Guarro. Para el dibujo utilizo diferentes numeraciones de l\u00e1pices de grafito. Elna. &nbsp; Detalle de la cara. &nbsp; A continuaci\u00f3n os dejo un v\u00eddeo del proceso de ejecuci\u00f3n:<\/p>\n","protected":false},"author":1,"featured_media":0,"comment_status":"open","ping_status":"open","sticky":false,"template":"","format":"standard","meta":[],"categories":[8,2,5],"tags":[],"_links":{"self":[{"href":"http:\/\/www.alfonsoromero.com\/blog\/wp-json\/wp\/v2\/posts\/335"}],"collection":[{"href":"http:\/\/www.alfonsoromero.com\/blog\/wp-json\/wp\/v2\/posts"}],"about":[{"href":"http:\/\/www.alfonsoromero.com\/blog\/wp-json\/wp\/v2\/types\/post"}],"author":[{"embeddable":true,"href":"http:\/\/www.alfonsoromero.com\/blog\/wp-json\/wp\/v2\/users\/1"}],"replies":[{"embeddable":true,"href":"http:\/\/www.alfonsoromero.com\/blog\/wp-json\/wp\/v2\/comments?post=335"}],"version-history":[{"count":12,"href":"http:\/\/www.alfonsoromero.com\/blog\/wp-json\/wp\/v2\/posts\/335\/revisions"}],"predecessor-version":[{"id":794,"href":"http:\/\/www.alfonsoromero.com\/blog\/wp-json\/wp\/v2\/posts\/335\/revisions\/794"}],"wp:attachment":[{"href":"http:\/\/www.alfonsoromero.com\/blog\/wp-json\/wp\/v2\/media?parent=335"}],"wp:term":[{"taxonomy":"category","embeddable":true,"href":"http:\/\/www.alfonsoromero.com\/blog\/wp-json\/wp\/v2\/categories?post=335"},{"taxonomy":"post_tag","embeddable":true,"href":"http:\/\/www.alfonsoromero.com\/blog\/wp-json\/wp\/v2\/tags?post=335"}],"curies":[{"name":"wp","href":"https:\/\/api.w.org\/{rel}","templated":true}]}}