{"id":254,"date":"2013-09-23T10:37:22","date_gmt":"2013-09-23T10:37:22","guid":{"rendered":"http:\/\/www.alfonsoromero.com\/blog\/?p=254"},"modified":"2016-11-09T16:06:09","modified_gmt":"2016-11-09T16:06:09","slug":"paisaje-nevado-de-los-pirineos-5-2a-parte","status":"publish","type":"post","link":"http:\/\/www.alfonsoromero.com\/blog\/proceso\/paisaje-nevado-de-los-pirineos-5-2a-parte\/","title":{"rendered":"Paisaje nevado de los Pirineos 5 &#8211; 2\u00aa parte"},"content":{"rendered":"<p>Os muestro algunos pasaos del proceso de creaci\u00f3n de este paisaje de relativas grandes dimensiones (120&#215;60). La cantidad de detalles y texturas relentiza mucho el proceso pero poco a poco se van apreciando los avances.<\/p>\n<p><a href=\"http:\/\/www.alfonsoromero.com\/blog\/wp-content\/uploads\/2013\/09\/Alfonso_Romero_Nieve_05_01.jpg\" target=\"_blank\"><img decoding=\"async\" loading=\"lazy\" class=\"aligncenter wp-image-567 size-medium\" src=\"http:\/\/www.alfonsoromero.com\/blog\/wp-content\/uploads\/2013\/09\/Alfonso_Romero_Nieve_05_01-300x175.jpg\" width=\"300\" height=\"175\" srcset=\"http:\/\/www.alfonsoromero.com\/blog\/wp-content\/uploads\/2013\/09\/Alfonso_Romero_Nieve_05_01-300x175.jpg 300w, http:\/\/www.alfonsoromero.com\/blog\/wp-content\/uploads\/2013\/09\/Alfonso_Romero_Nieve_05_01-768x449.jpg 768w, http:\/\/www.alfonsoromero.com\/blog\/wp-content\/uploads\/2013\/09\/Alfonso_Romero_Nieve_05_01.jpg 1000w\" sizes=\"(max-width: 300px) 100vw, 300px\" \/><\/a><\/p>\n<p>He comenzado la obra situando dos grandes grupos de colores, el azul y el banco. Estos dos colores coinciden a su vez con los planos de contrastes de luz.<\/p>\n<p><a href=\"http:\/\/www.alfonsoromero.com\/blog\/wp-content\/uploads\/2013\/09\/Alfonso_Romero_Nieve_05_02.jpg\" target=\"_blank\"><img decoding=\"async\" loading=\"lazy\" class=\"aligncenter wp-image-568 size-medium\" src=\"http:\/\/www.alfonsoromero.com\/blog\/wp-content\/uploads\/2013\/09\/Alfonso_Romero_Nieve_05_02-300x149.jpg\" width=\"300\" height=\"149\" srcset=\"http:\/\/www.alfonsoromero.com\/blog\/wp-content\/uploads\/2013\/09\/Alfonso_Romero_Nieve_05_02-300x149.jpg 300w, http:\/\/www.alfonsoromero.com\/blog\/wp-content\/uploads\/2013\/09\/Alfonso_Romero_Nieve_05_02-768x381.jpg 768w, http:\/\/www.alfonsoromero.com\/blog\/wp-content\/uploads\/2013\/09\/Alfonso_Romero_Nieve_05_02.jpg 800w\" sizes=\"(max-width: 300px) 100vw, 300px\" \/><\/a><\/p>\n<p>A continuaci\u00f3n empiezo a pintar detalles de las rocas con negros y marrones. Al principio no me detengo demasiado en las formas de cada mancha. Empiezo adem\u00e1s a a\u00f1adir oscuros en todas las partes del cuadro.<\/p>\n<p><a href=\"http:\/\/www.alfonsoromero.com\/blog\/wp-content\/uploads\/2013\/09\/Alfonso_Romero_Nieve_05_04.jpg\" target=\"_blank\"><img decoding=\"async\" loading=\"lazy\" class=\"aligncenter wp-image-722 size-medium\" src=\"http:\/\/www.alfonsoromero.com\/blog\/wp-content\/uploads\/2013\/09\/Alfonso_Romero_Nieve_05_04-300x149.jpg\" width=\"300\" height=\"149\" srcset=\"http:\/\/www.alfonsoromero.com\/blog\/wp-content\/uploads\/2013\/09\/Alfonso_Romero_Nieve_05_04-300x149.jpg 300w, http:\/\/www.alfonsoromero.com\/blog\/wp-content\/uploads\/2013\/09\/Alfonso_Romero_Nieve_05_04-768x382.jpg 768w, http:\/\/www.alfonsoromero.com\/blog\/wp-content\/uploads\/2013\/09\/Alfonso_Romero_Nieve_05_04.jpg 1000w\" sizes=\"(max-width: 300px) 100vw, 300px\" \/><\/a><\/p>\n<p>Mediante este proceso hay que intentar que los diferentes planos de las monta\u00f1as queden m\u00e1s o menos identificados. Es importante que la obra tenga profundidad.<\/p>\n<p><a href=\"http:\/\/www.alfonsoromero.com\/blog\/wp-content\/uploads\/2013\/09\/Alfonso_Romero_Nieve_05_05.jpg\" target=\"_blank\"><img decoding=\"async\" loading=\"lazy\" class=\"aligncenter wp-image-570 size-medium\" src=\"http:\/\/www.alfonsoromero.com\/blog\/wp-content\/uploads\/2013\/09\/Alfonso_Romero_Nieve_05_05-300x150.jpg\" width=\"300\" height=\"150\" srcset=\"http:\/\/www.alfonsoromero.com\/blog\/wp-content\/uploads\/2013\/09\/Alfonso_Romero_Nieve_05_05-300x150.jpg 300w, http:\/\/www.alfonsoromero.com\/blog\/wp-content\/uploads\/2013\/09\/Alfonso_Romero_Nieve_05_05-768x383.jpg 768w, http:\/\/www.alfonsoromero.com\/blog\/wp-content\/uploads\/2013\/09\/Alfonso_Romero_Nieve_05_05.jpg 1000w\" sizes=\"(max-width: 300px) 100vw, 300px\" \/><\/a><\/p>\n<p>\u00c9ste es el \u00faltimo estadio del cuadro donde ya se pueden ver las formas de las monta\u00f1as y la estructura completamente. A partir de ahora hay que entrar en el trabajo de detalle.<\/p>\n<p><a href=\"http:\/\/www.alfonsoromero.com\/blog\/wp-content\/uploads\/2013\/09\/Alfonso_Romero_Nieve_05_06.jpg\" target=\"_blank\"><img decoding=\"async\" loading=\"lazy\" class=\"aligncenter wp-image-726 size-medium\" src=\"http:\/\/www.alfonsoromero.com\/blog\/wp-content\/uploads\/2013\/09\/Alfonso_Romero_Nieve_05_06-300x161.jpg\" width=\"300\" height=\"161\" srcset=\"http:\/\/www.alfonsoromero.com\/blog\/wp-content\/uploads\/2013\/09\/Alfonso_Romero_Nieve_05_06-300x161.jpg 300w, http:\/\/www.alfonsoromero.com\/blog\/wp-content\/uploads\/2013\/09\/Alfonso_Romero_Nieve_05_06-768x413.jpg 768w, http:\/\/www.alfonsoromero.com\/blog\/wp-content\/uploads\/2013\/09\/Alfonso_Romero_Nieve_05_06-1024x551.jpg 1024w, http:\/\/www.alfonsoromero.com\/blog\/wp-content\/uploads\/2013\/09\/Alfonso_Romero_Nieve_05_06-1200x646.jpg 1200w, http:\/\/www.alfonsoromero.com\/blog\/wp-content\/uploads\/2013\/09\/Alfonso_Romero_Nieve_05_06.jpg 1600w\" sizes=\"(max-width: 300px) 100vw, 300px\" \/><\/a><\/p>\n","protected":false},"excerpt":{"rendered":"<p>Os muestro algunos pasaos del proceso de creaci\u00f3n de este paisaje de relativas grandes dimensiones (120&#215;60). La cantidad de detalles y texturas relentiza mucho el proceso pero poco a poco se van apreciando los avances. He comenzado la obra situando dos grandes grupos de colores, el azul y el banco. Estos dos colores coinciden a [&hellip;]<\/p>\n","protected":false},"author":1,"featured_media":0,"comment_status":"open","ping_status":"open","sticky":false,"template":"","format":"standard","meta":[],"categories":[12,2],"tags":[],"_links":{"self":[{"href":"http:\/\/www.alfonsoromero.com\/blog\/wp-json\/wp\/v2\/posts\/254"}],"collection":[{"href":"http:\/\/www.alfonsoromero.com\/blog\/wp-json\/wp\/v2\/posts"}],"about":[{"href":"http:\/\/www.alfonsoromero.com\/blog\/wp-json\/wp\/v2\/types\/post"}],"author":[{"embeddable":true,"href":"http:\/\/www.alfonsoromero.com\/blog\/wp-json\/wp\/v2\/users\/1"}],"replies":[{"embeddable":true,"href":"http:\/\/www.alfonsoromero.com\/blog\/wp-json\/wp\/v2\/comments?post=254"}],"version-history":[{"count":8,"href":"http:\/\/www.alfonsoromero.com\/blog\/wp-json\/wp\/v2\/posts\/254\/revisions"}],"predecessor-version":[{"id":727,"href":"http:\/\/www.alfonsoromero.com\/blog\/wp-json\/wp\/v2\/posts\/254\/revisions\/727"}],"wp:attachment":[{"href":"http:\/\/www.alfonsoromero.com\/blog\/wp-json\/wp\/v2\/media?parent=254"}],"wp:term":[{"taxonomy":"category","embeddable":true,"href":"http:\/\/www.alfonsoromero.com\/blog\/wp-json\/wp\/v2\/categories?post=254"},{"taxonomy":"post_tag","embeddable":true,"href":"http:\/\/www.alfonsoromero.com\/blog\/wp-json\/wp\/v2\/tags?post=254"}],"curies":[{"name":"wp","href":"https:\/\/api.w.org\/{rel}","templated":true}]}}