{"id":245,"date":"2013-12-23T10:22:46","date_gmt":"2013-12-23T10:22:46","guid":{"rendered":"http:\/\/www.alfonsoromero.com\/blog\/?p=245"},"modified":"2016-11-09T19:45:43","modified_gmt":"2016-11-09T19:45:43","slug":"paisaje-nevado-6","status":"publish","type":"post","link":"http:\/\/www.alfonsoromero.com\/blog\/obras\/paisajes\/paisaje-nevado-6\/","title":{"rendered":"Paisaje nevado 6"},"content":{"rendered":"<p>Este es el \u00fanico de los paisajes de los Pirineos donde he incorporado peque\u00f1as figuras para dar idea de las proporciones.<\/p>\n<p style=\"text-align: center;\"><a href=\"http:\/\/www.alfonsoromero.com\/blog\/wp-content\/uploads\/2013\/12\/Nieve_05.jpg\" target=\"_blank\"><img decoding=\"async\" loading=\"lazy\" class=\"aligncenter wp-image-811 size-large\" src=\"http:\/\/www.alfonsoromero.com\/blog\/wp-content\/uploads\/2013\/12\/Nieve_05-1024x529.jpg\" alt=\"nieve_05\" width=\"750\" height=\"387\" srcset=\"http:\/\/www.alfonsoromero.com\/blog\/wp-content\/uploads\/2013\/12\/Nieve_05-1024x529.jpg 1024w, http:\/\/www.alfonsoromero.com\/blog\/wp-content\/uploads\/2013\/12\/Nieve_05-300x155.jpg 300w, http:\/\/www.alfonsoromero.com\/blog\/wp-content\/uploads\/2013\/12\/Nieve_05-768x396.jpg 768w, http:\/\/www.alfonsoromero.com\/blog\/wp-content\/uploads\/2013\/12\/Nieve_05-1200x619.jpg 1200w\" sizes=\"(max-width: 750px) 100vw, 750px\" \/><\/a>Acr\u00edlico sobre tabla 40&#215;20 cm<\/p>\n","protected":false},"excerpt":{"rendered":"<p>Este es el \u00fanico de los paisajes de los Pirineos donde he incorporado peque\u00f1as figuras para dar idea de las proporciones. Acr\u00edlico sobre tabla 40&#215;20 cm<\/p>\n","protected":false},"author":1,"featured_media":0,"comment_status":"open","ping_status":"open","sticky":false,"template":"","format":"standard","meta":[],"categories":[6,12],"tags":[13,10,11],"_links":{"self":[{"href":"http:\/\/www.alfonsoromero.com\/blog\/wp-json\/wp\/v2\/posts\/245"}],"collection":[{"href":"http:\/\/www.alfonsoromero.com\/blog\/wp-json\/wp\/v2\/posts"}],"about":[{"href":"http:\/\/www.alfonsoromero.com\/blog\/wp-json\/wp\/v2\/types\/post"}],"author":[{"embeddable":true,"href":"http:\/\/www.alfonsoromero.com\/blog\/wp-json\/wp\/v2\/users\/1"}],"replies":[{"embeddable":true,"href":"http:\/\/www.alfonsoromero.com\/blog\/wp-json\/wp\/v2\/comments?post=245"}],"version-history":[{"count":6,"href":"http:\/\/www.alfonsoromero.com\/blog\/wp-json\/wp\/v2\/posts\/245\/revisions"}],"predecessor-version":[{"id":812,"href":"http:\/\/www.alfonsoromero.com\/blog\/wp-json\/wp\/v2\/posts\/245\/revisions\/812"}],"wp:attachment":[{"href":"http:\/\/www.alfonsoromero.com\/blog\/wp-json\/wp\/v2\/media?parent=245"}],"wp:term":[{"taxonomy":"category","embeddable":true,"href":"http:\/\/www.alfonsoromero.com\/blog\/wp-json\/wp\/v2\/categories?post=245"},{"taxonomy":"post_tag","embeddable":true,"href":"http:\/\/www.alfonsoromero.com\/blog\/wp-json\/wp\/v2\/tags?post=245"}],"curies":[{"name":"wp","href":"https:\/\/api.w.org\/{rel}","templated":true}]}}