{"id":24,"date":"2012-04-18T23:31:22","date_gmt":"2012-04-18T23:31:22","guid":{"rendered":"http:\/\/www.alfonsoromero.com\/blog\/?p=24"},"modified":"2016-11-07T14:06:23","modified_gmt":"2016-11-07T14:06:23","slug":"paisaje-nevado-de-los-pirineos-4","status":"publish","type":"post","link":"http:\/\/www.alfonsoromero.com\/blog\/obras\/paisaje-nevado-de-los-pirineos-4\/","title":{"rendered":"Paisaje Nevado de los Pirineos 2"},"content":{"rendered":"<p>Segunda obra sobre los Pirineos pero la primera con unas aspiraciones mayores que la primera. Quise acentuar el efecto de anochecer de la imagen e intent\u00e9 jugas con las luces puntuales del pico de la monta\u00f1a. Est\u00e1 realizado sobre una base acr\u00edlica de un tono azul no demasiado saturado. La obra est\u00e1 terminada con \u00f3leo.<\/p>\n<p><a href=\"http:\/\/www.alfonsoromero.com\/blog\/wp-content\/uploads\/2012\/06\/Nieve_02.jpg\" target=\"_blank\"><img decoding=\"async\" loading=\"lazy\" class=\"aligncenter wp-image-616 size-full\" src=\"http:\/\/www.alfonsoromero.com\/blog\/wp-content\/uploads\/2012\/06\/Nieve_02-636x310.jpg\" width=\"636\" height=\"363\" srcset=\"http:\/\/www.alfonsoromero.com\/blog\/wp-content\/uploads\/2012\/06\/Nieve_02-636x310.jpg 636w, http:\/\/www.alfonsoromero.com\/blog\/wp-content\/uploads\/2012\/06\/Nieve_02-636x310-300x171.jpg 300w\" sizes=\"(max-width: 636px) 100vw, 636px\" \/><\/a><\/p>\n","protected":false},"excerpt":{"rendered":"<p>Segunda obra sobre los Pirineos pero la primera con unas aspiraciones mayores que la primera. Quise acentuar el efecto de anochecer de la imagen e intent\u00e9 jugas con las luces puntuales del pico de la monta\u00f1a. Est\u00e1 realizado sobre una base acr\u00edlica de un tono azul no demasiado saturado. La obra est\u00e1 terminada con \u00f3leo.<\/p>\n","protected":false},"author":1,"featured_media":0,"comment_status":"open","ping_status":"open","sticky":false,"template":"","format":"standard","meta":[],"categories":[4,6,12],"tags":[],"_links":{"self":[{"href":"http:\/\/www.alfonsoromero.com\/blog\/wp-json\/wp\/v2\/posts\/24"}],"collection":[{"href":"http:\/\/www.alfonsoromero.com\/blog\/wp-json\/wp\/v2\/posts"}],"about":[{"href":"http:\/\/www.alfonsoromero.com\/blog\/wp-json\/wp\/v2\/types\/post"}],"author":[{"embeddable":true,"href":"http:\/\/www.alfonsoromero.com\/blog\/wp-json\/wp\/v2\/users\/1"}],"replies":[{"embeddable":true,"href":"http:\/\/www.alfonsoromero.com\/blog\/wp-json\/wp\/v2\/comments?post=24"}],"version-history":[{"count":13,"href":"http:\/\/www.alfonsoromero.com\/blog\/wp-json\/wp\/v2\/posts\/24\/revisions"}],"predecessor-version":[{"id":619,"href":"http:\/\/www.alfonsoromero.com\/blog\/wp-json\/wp\/v2\/posts\/24\/revisions\/619"}],"wp:attachment":[{"href":"http:\/\/www.alfonsoromero.com\/blog\/wp-json\/wp\/v2\/media?parent=24"}],"wp:term":[{"taxonomy":"category","embeddable":true,"href":"http:\/\/www.alfonsoromero.com\/blog\/wp-json\/wp\/v2\/categories?post=24"},{"taxonomy":"post_tag","embeddable":true,"href":"http:\/\/www.alfonsoromero.com\/blog\/wp-json\/wp\/v2\/tags?post=24"}],"curies":[{"name":"wp","href":"https:\/\/api.w.org\/{rel}","templated":true}]}}