{"id":228,"date":"2013-03-10T11:03:50","date_gmt":"2013-03-10T11:03:50","guid":{"rendered":"http:\/\/www.alfonsoromero.com\/blog\/?p=228"},"modified":"2016-11-09T19:48:23","modified_gmt":"2016-11-09T19:48:23","slug":"un-retrato-que-me-hizo-una-companera-de-la-facultad-de-bellas-artes-de-atenas","status":"publish","type":"post","link":"http:\/\/www.alfonsoromero.com\/blog\/pintores\/un-retrato-que-me-hizo-una-companera-de-la-facultad-de-bellas-artes-de-atenas\/","title":{"rendered":"Un retrato que me hizo una compa\u00f1era de la Facultad de Bellas Artes de Atenas"},"content":{"rendered":"<p align=\"justify\">El ambiente que se disfrutaba en la Facultad de Bellas Artes de Atenas era especial. Sin duda alguna, era muy diferente a la Facultad de Valencia. Uno de los lugares donde m\u00e1s tiempo pas\u00e9 dentro de la Facultad fue el taller de grabado. All\u00ed produje mi obra de m\u00e1s de 100 monotipos de casas con cierto estilo abstracto.<\/p>\n<p align=\"justify\"><a href=\"http:\/\/www.alfonsoromero.com\/blog\/wp-content\/uploads\/2013\/03\/Taller_Grabado_Atenas.jpg\" target=\"_blank\"><img decoding=\"async\" loading=\"lazy\" class=\"aligncenter wp-image-815 size-medium\" src=\"http:\/\/www.alfonsoromero.com\/blog\/wp-content\/uploads\/2013\/03\/Taller_Grabado_Atenas-300x249.jpg\" alt=\"taller_grabado_atenas\" width=\"300\" height=\"249\" srcset=\"http:\/\/www.alfonsoromero.com\/blog\/wp-content\/uploads\/2013\/03\/Taller_Grabado_Atenas-300x249.jpg 300w, http:\/\/www.alfonsoromero.com\/blog\/wp-content\/uploads\/2013\/03\/Taller_Grabado_Atenas-768x638.jpg 768w, http:\/\/www.alfonsoromero.com\/blog\/wp-content\/uploads\/2013\/03\/Taller_Grabado_Atenas.jpg 942w\" sizes=\"(max-width: 300px) 100vw, 300px\" \/><\/a>En este taller se encontraba una de las compa\u00f1eras que sol\u00eda estar trabajando al mismo tiempo que yo. Se llamaba \u039b\u03b9\u03b1 y un d\u00eda me hizo este retrato. Desgraciadamente el contexto de c\u00f3mo se produjo ya lo he olvidado. Hace ya mucho tiempo de ello y la verdad es que no s\u00e9 si fue en el mismo taller o en un descanso&#8230; no lo s\u00e9. El caso es que despu\u00e9s de tantos a\u00f1os y a pesar de haber tenido que renunciar a muchas obras o documentos de mis d\u00edas en Atenas, \u00e9ste a\u00fan lo conservo y creo que es preciso recordarlo. Es un buen testimonio de c\u00f3mo me ve\u00eda la gente en el 1998-1999.<\/p>\n<p><a href=\"http:\/\/www.alfonsoromero.com\/blog\/wp-content\/uploads\/2013\/03\/Lia_Grecia_Retrato_natural_Alfonso.jpg\" target=\"_blank\"><img decoding=\"async\" loading=\"lazy\" class=\"aligncenter wp-image-816 size-medium\" src=\"http:\/\/www.alfonsoromero.com\/blog\/wp-content\/uploads\/2013\/03\/Lia_Grecia_Retrato_natural_Alfonso-198x300.jpg\" alt=\"lia_grecia_retrato_natural_alfonso\" width=\"198\" height=\"300\" srcset=\"http:\/\/www.alfonsoromero.com\/blog\/wp-content\/uploads\/2013\/03\/Lia_Grecia_Retrato_natural_Alfonso-198x300.jpg 198w, http:\/\/www.alfonsoromero.com\/blog\/wp-content\/uploads\/2013\/03\/Lia_Grecia_Retrato_natural_Alfonso-768x1164.jpg 768w, http:\/\/www.alfonsoromero.com\/blog\/wp-content\/uploads\/2013\/03\/Lia_Grecia_Retrato_natural_Alfonso-676x1024.jpg 676w, http:\/\/www.alfonsoromero.com\/blog\/wp-content\/uploads\/2013\/03\/Lia_Grecia_Retrato_natural_Alfonso.jpg 792w\" sizes=\"(max-width: 198px) 100vw, 198px\" \/><\/a><\/p>\n","protected":false},"excerpt":{"rendered":"<p>El ambiente que se disfrutaba en la Facultad de Bellas Artes de Atenas era especial. Sin duda alguna, era muy diferente a la Facultad de Valencia. Uno de los lugares donde m\u00e1s tiempo pas\u00e9 dentro de la Facultad fue el taller de grabado. All\u00ed produje mi obra de m\u00e1s de 100 monotipos de casas con [&hellip;]<\/p>\n","protected":false},"author":1,"featured_media":0,"comment_status":"open","ping_status":"open","sticky":false,"template":"","format":"standard","meta":[],"categories":[7],"tags":[],"_links":{"self":[{"href":"http:\/\/www.alfonsoromero.com\/blog\/wp-json\/wp\/v2\/posts\/228"}],"collection":[{"href":"http:\/\/www.alfonsoromero.com\/blog\/wp-json\/wp\/v2\/posts"}],"about":[{"href":"http:\/\/www.alfonsoromero.com\/blog\/wp-json\/wp\/v2\/types\/post"}],"author":[{"embeddable":true,"href":"http:\/\/www.alfonsoromero.com\/blog\/wp-json\/wp\/v2\/users\/1"}],"replies":[{"embeddable":true,"href":"http:\/\/www.alfonsoromero.com\/blog\/wp-json\/wp\/v2\/comments?post=228"}],"version-history":[{"count":5,"href":"http:\/\/www.alfonsoromero.com\/blog\/wp-json\/wp\/v2\/posts\/228\/revisions"}],"predecessor-version":[{"id":817,"href":"http:\/\/www.alfonsoromero.com\/blog\/wp-json\/wp\/v2\/posts\/228\/revisions\/817"}],"wp:attachment":[{"href":"http:\/\/www.alfonsoromero.com\/blog\/wp-json\/wp\/v2\/media?parent=228"}],"wp:term":[{"taxonomy":"category","embeddable":true,"href":"http:\/\/www.alfonsoromero.com\/blog\/wp-json\/wp\/v2\/categories?post=228"},{"taxonomy":"post_tag","embeddable":true,"href":"http:\/\/www.alfonsoromero.com\/blog\/wp-json\/wp\/v2\/tags?post=228"}],"curies":[{"name":"wp","href":"https:\/\/api.w.org\/{rel}","templated":true}]}}