{"id":221,"date":"2013-03-09T09:40:55","date_gmt":"2013-03-09T09:40:55","guid":{"rendered":"http:\/\/www.alfonsoromero.com\/blog\/?p=221"},"modified":"2016-11-09T19:50:47","modified_gmt":"2016-11-09T19:50:47","slug":"dibujo-del-natural-en-el-bosque","status":"publish","type":"post","link":"http:\/\/www.alfonsoromero.com\/blog\/dibujos\/dibujo-del-natural-en-el-bosque\/","title":{"rendered":"Dibujo del natural en el bosque"},"content":{"rendered":"<p>Hoy os dejo un dibujo que hice este jueves en el bosque de las cercan\u00edas de la Escuela Europea. Es un dibujo de peque\u00f1o formato que realizo en mi libro de apuntes.<\/p>\n<p><a href=\"http:\/\/www.alfonsoromero.com\/blog\/wp-content\/uploads\/2013\/03\/Alfonso_Romero_dibujo_pino_waldstadt_01.jpg\" target=\"_blank\"><img decoding=\"async\" loading=\"lazy\" class=\"aligncenter wp-image-818 size-medium\" src=\"http:\/\/www.alfonsoromero.com\/blog\/wp-content\/uploads\/2013\/03\/Alfonso_Romero_dibujo_pino_waldstadt_01-208x300.jpg\" alt=\"alfonso_romero_dibujo_pino_waldstadt_01\" width=\"208\" height=\"300\" srcset=\"http:\/\/www.alfonsoromero.com\/blog\/wp-content\/uploads\/2013\/03\/Alfonso_Romero_dibujo_pino_waldstadt_01-208x300.jpg 208w, http:\/\/www.alfonsoromero.com\/blog\/wp-content\/uploads\/2013\/03\/Alfonso_Romero_dibujo_pino_waldstadt_01-768x1109.jpg 768w, http:\/\/www.alfonsoromero.com\/blog\/wp-content\/uploads\/2013\/03\/Alfonso_Romero_dibujo_pino_waldstadt_01-709x1024.jpg 709w, http:\/\/www.alfonsoromero.com\/blog\/wp-content\/uploads\/2013\/03\/Alfonso_Romero_dibujo_pino_waldstadt_01.jpg 831w\" sizes=\"(max-width: 208px) 100vw, 208px\" \/><\/a>Este es s\u00f3lo uno de los dibujos que estoy haciendo en el cuaderno de apuntes. La mayor\u00eda son paisajes a grafito donde intento captar las texturas, los ritmos y las estructuras formales de los objetos. Algunas veces me centro en detalles y otras veces intento captar espacios m\u00e1s generales.<\/p>\n<p><a href=\"http:\/\/www.alfonsoromero.com\/blog\/wp-content\/uploads\/2013\/03\/Alfonso_Romero_dibujo_pino_waldstadt_02.jpg\" target=\"_blank\"><img decoding=\"async\" loading=\"lazy\" class=\"aligncenter wp-image-819 size-medium\" src=\"http:\/\/www.alfonsoromero.com\/blog\/wp-content\/uploads\/2013\/03\/Alfonso_Romero_dibujo_pino_waldstadt_02-300x195.jpg\" alt=\"alfonso_romero_dibujo_pino_waldstadt_02\" width=\"300\" height=\"195\" srcset=\"http:\/\/www.alfonsoromero.com\/blog\/wp-content\/uploads\/2013\/03\/Alfonso_Romero_dibujo_pino_waldstadt_02-300x195.jpg 300w, http:\/\/www.alfonsoromero.com\/blog\/wp-content\/uploads\/2013\/03\/Alfonso_Romero_dibujo_pino_waldstadt_02-768x499.jpg 768w, http:\/\/www.alfonsoromero.com\/blog\/wp-content\/uploads\/2013\/03\/Alfonso_Romero_dibujo_pino_waldstadt_02.jpg 1000w\" sizes=\"(max-width: 300px) 100vw, 300px\" \/><\/a><\/p>\n<p>&nbsp;<\/p>\n","protected":false},"excerpt":{"rendered":"<p>Hoy os dejo un dibujo que hice este jueves en el bosque de las cercan\u00edas de la Escuela Europea. Es un dibujo de peque\u00f1o formato que realizo en mi libro de apuntes. Este es s\u00f3lo uno de los dibujos que estoy haciendo en el cuaderno de apuntes. La mayor\u00eda son paisajes a grafito donde intento [&hellip;]<\/p>\n","protected":false},"author":1,"featured_media":0,"comment_status":"open","ping_status":"open","sticky":false,"template":"","format":"standard","meta":[],"categories":[8,9],"tags":[],"_links":{"self":[{"href":"http:\/\/www.alfonsoromero.com\/blog\/wp-json\/wp\/v2\/posts\/221"}],"collection":[{"href":"http:\/\/www.alfonsoromero.com\/blog\/wp-json\/wp\/v2\/posts"}],"about":[{"href":"http:\/\/www.alfonsoromero.com\/blog\/wp-json\/wp\/v2\/types\/post"}],"author":[{"embeddable":true,"href":"http:\/\/www.alfonsoromero.com\/blog\/wp-json\/wp\/v2\/users\/1"}],"replies":[{"embeddable":true,"href":"http:\/\/www.alfonsoromero.com\/blog\/wp-json\/wp\/v2\/comments?post=221"}],"version-history":[{"count":6,"href":"http:\/\/www.alfonsoromero.com\/blog\/wp-json\/wp\/v2\/posts\/221\/revisions"}],"predecessor-version":[{"id":820,"href":"http:\/\/www.alfonsoromero.com\/blog\/wp-json\/wp\/v2\/posts\/221\/revisions\/820"}],"wp:attachment":[{"href":"http:\/\/www.alfonsoromero.com\/blog\/wp-json\/wp\/v2\/media?parent=221"}],"wp:term":[{"taxonomy":"category","embeddable":true,"href":"http:\/\/www.alfonsoromero.com\/blog\/wp-json\/wp\/v2\/categories?post=221"},{"taxonomy":"post_tag","embeddable":true,"href":"http:\/\/www.alfonsoromero.com\/blog\/wp-json\/wp\/v2\/tags?post=221"}],"curies":[{"name":"wp","href":"https:\/\/api.w.org\/{rel}","templated":true}]}}