{"id":174,"date":"2013-02-24T00:49:06","date_gmt":"2013-02-24T00:49:06","guid":{"rendered":"http:\/\/www.alfonsoromero.com\/blog\/?p=174"},"modified":"2016-11-09T19:56:09","modified_gmt":"2016-11-09T19:56:09","slug":"dibujo-de-cara-probando-nuevos-materiales","status":"publish","type":"post","link":"http:\/\/www.alfonsoromero.com\/blog\/obras\/retratos\/dibujo-de-cara-probando-nuevos-materiales\/","title":{"rendered":"Retrato de ni\u00f1o &#8211; Probando nuevos materiales"},"content":{"rendered":"<p align=\"justify\">Hoy he estado probando nuevos materiales para dibujo. He comprado PanPastel para sombrear, sobre todo en las fases primeras del dibujo. He realizado varias pruebas y la verdad es que al principio me ha resultado un poco extra\u00f1o porque yo estoy acostumbrado a aplicar el pastel directamente y esparcirlo con los dedos.<\/p>\n<p align=\"justify\">Las esponjillas se rompen con gran facilidad al arrastrarlo por la superficie del papel. Casi dir\u00eda que son m\u00e1s vers\u00e1tiles las esponjas que se usan directamente con la mano en vez de con la espatulilla de pl\u00e1stico. En conclusi\u00f3n creo que es un buen material para usar en los dibujos r\u00e1pidos en el las fases primeras. Permite degradados con facilidad y proporciona velocidad en el acabado.<\/p>\n<p align=\"justify\"><a href=\"http:\/\/www.alfonsoromero.com\/blog\/wp-content\/uploads\/2013\/02\/Alfonso_Romero_Yannis_01.jpg\" target=\"_blank\"><img decoding=\"async\" loading=\"lazy\" class=\"aligncenter wp-image-823 size-large\" src=\"http:\/\/www.alfonsoromero.com\/blog\/wp-content\/uploads\/2013\/02\/Alfonso_Romero_Yannis_01-777x1024.jpg\" alt=\"alfonso_romero_yannis_01\" width=\"750\" height=\"988\" srcset=\"http:\/\/www.alfonsoromero.com\/blog\/wp-content\/uploads\/2013\/02\/Alfonso_Romero_Yannis_01-777x1024.jpg 777w, http:\/\/www.alfonsoromero.com\/blog\/wp-content\/uploads\/2013\/02\/Alfonso_Romero_Yannis_01-228x300.jpg 228w, http:\/\/www.alfonsoromero.com\/blog\/wp-content\/uploads\/2013\/02\/Alfonso_Romero_Yannis_01-768x1012.jpg 768w, http:\/\/www.alfonsoromero.com\/blog\/wp-content\/uploads\/2013\/02\/Alfonso_Romero_Yannis_01.jpg 881w\" sizes=\"(max-width: 750px) 100vw, 750px\" \/><\/a>Este es el retrato terminado. Al final he decidido a\u00f1adir algunos toques de pastel blanco porque el l\u00e1piz se quedaba muy apagado y no me daba la luminosidad que necesitaba la obra.<\/p>\n<p align=\"justify\">Finalmente algunas fotos de los detalles de la obra donde se pueden apreciar mejor los trazos as\u00ed como la textura de los materiales y el papel.<\/p>\n<p align=\"justify\"><a href=\"http:\/\/www.alfonsoromero.com\/blog\/wp-content\/uploads\/2013\/02\/Alfonso_Romero_Yannis_02.jpg\" target=\"_blank\"><img decoding=\"async\" loading=\"lazy\" class=\"aligncenter wp-image-824 size-medium\" src=\"http:\/\/www.alfonsoromero.com\/blog\/wp-content\/uploads\/2013\/02\/Alfonso_Romero_Yannis_02-300x212.jpg\" alt=\"alfonso_romero_yannis_02\" width=\"300\" height=\"212\" srcset=\"http:\/\/www.alfonsoromero.com\/blog\/wp-content\/uploads\/2013\/02\/Alfonso_Romero_Yannis_02-300x212.jpg 300w, http:\/\/www.alfonsoromero.com\/blog\/wp-content\/uploads\/2013\/02\/Alfonso_Romero_Yannis_02-768x543.jpg 768w, http:\/\/www.alfonsoromero.com\/blog\/wp-content\/uploads\/2013\/02\/Alfonso_Romero_Yannis_02.jpg 1000w\" sizes=\"(max-width: 300px) 100vw, 300px\" \/><\/a><\/p>\n<p align=\"justify\"><a href=\"http:\/\/www.alfonsoromero.com\/blog\/wp-content\/uploads\/2013\/02\/Alfonso_Romero_Yannis_03.jpg\" target=\"_blank\"><img decoding=\"async\" loading=\"lazy\" class=\"aligncenter wp-image-825 size-medium\" src=\"http:\/\/www.alfonsoromero.com\/blog\/wp-content\/uploads\/2013\/02\/Alfonso_Romero_Yannis_03-300x246.jpg\" alt=\"alfonso_romero_yannis_03\" width=\"300\" height=\"246\" srcset=\"http:\/\/www.alfonsoromero.com\/blog\/wp-content\/uploads\/2013\/02\/Alfonso_Romero_Yannis_03-300x246.jpg 300w, http:\/\/www.alfonsoromero.com\/blog\/wp-content\/uploads\/2013\/02\/Alfonso_Romero_Yannis_03-768x630.jpg 768w, http:\/\/www.alfonsoromero.com\/blog\/wp-content\/uploads\/2013\/02\/Alfonso_Romero_Yannis_03-1024x841.jpg 1024w, http:\/\/www.alfonsoromero.com\/blog\/wp-content\/uploads\/2013\/02\/Alfonso_Romero_Yannis_03.jpg 1200w\" sizes=\"(max-width: 300px) 100vw, 300px\" \/><\/a><\/p>\n<p align=\"justify\">\n","protected":false},"excerpt":{"rendered":"<p>Hoy he estado probando nuevos materiales para dibujo. He comprado PanPastel para sombrear, sobre todo en las fases primeras del dibujo. He realizado varias pruebas y la verdad es que al principio me ha resultado un poco extra\u00f1o porque yo estoy acostumbrado a aplicar el pastel directamente y esparcirlo con los dedos. Las esponjillas se [&hellip;]<\/p>\n","protected":false},"author":1,"featured_media":0,"comment_status":"open","ping_status":"open","sticky":false,"template":"","format":"standard","meta":[],"categories":[8,5],"tags":[],"_links":{"self":[{"href":"http:\/\/www.alfonsoromero.com\/blog\/wp-json\/wp\/v2\/posts\/174"}],"collection":[{"href":"http:\/\/www.alfonsoromero.com\/blog\/wp-json\/wp\/v2\/posts"}],"about":[{"href":"http:\/\/www.alfonsoromero.com\/blog\/wp-json\/wp\/v2\/types\/post"}],"author":[{"embeddable":true,"href":"http:\/\/www.alfonsoromero.com\/blog\/wp-json\/wp\/v2\/users\/1"}],"replies":[{"embeddable":true,"href":"http:\/\/www.alfonsoromero.com\/blog\/wp-json\/wp\/v2\/comments?post=174"}],"version-history":[{"count":13,"href":"http:\/\/www.alfonsoromero.com\/blog\/wp-json\/wp\/v2\/posts\/174\/revisions"}],"predecessor-version":[{"id":826,"href":"http:\/\/www.alfonsoromero.com\/blog\/wp-json\/wp\/v2\/posts\/174\/revisions\/826"}],"wp:attachment":[{"href":"http:\/\/www.alfonsoromero.com\/blog\/wp-json\/wp\/v2\/media?parent=174"}],"wp:term":[{"taxonomy":"category","embeddable":true,"href":"http:\/\/www.alfonsoromero.com\/blog\/wp-json\/wp\/v2\/categories?post=174"},{"taxonomy":"post_tag","embeddable":true,"href":"http:\/\/www.alfonsoromero.com\/blog\/wp-json\/wp\/v2\/tags?post=174"}],"curies":[{"name":"wp","href":"https:\/\/api.w.org\/{rel}","templated":true}]}}