{"id":159,"date":"2013-02-22T13:08:08","date_gmt":"2013-02-22T13:08:08","guid":{"rendered":"http:\/\/www.alfonsoromero.com\/blog\/?p=159"},"modified":"2016-11-09T19:57:10","modified_gmt":"2016-11-09T19:57:10","slug":"un-retrato-que-me-hizo-rosa-martinez-en-la-facultad-de-bellas-artes-de-valencia","status":"publish","type":"post","link":"http:\/\/www.alfonsoromero.com\/blog\/pintores\/un-retrato-que-me-hizo-rosa-martinez-en-la-facultad-de-bellas-artes-de-valencia\/","title":{"rendered":"Un retrato que me hizo Rosa Mart\u00ednez-Artero en la Facultad de Bellas Artes de Valencia"},"content":{"rendered":"<p align=\"justify\">En esta ocasi\u00f3n os traigo un dibujo que recuper\u00e9 hace algunos a\u00f1os y que ten\u00eda guardado en alguna de las muchas carpetas de dibujos y recuerdos de mis tiempos de estudiante.<br \/>\nSe trata de un retrato del natural que me hizo la excelente profesora Rosa Mart\u00ednez Artero que en aquel entonces impart\u00eda la asignatura de Retrato en la Facultad.<br \/>\n<a href=\"http:\/\/www.alfonsoromero.com\/blog\/wp-content\/uploads\/2013\/02\/Rosa_Martinez_Artero_Retrato_natural_Alfonso.jpg\" target=\"_blank\"><img decoding=\"async\" loading=\"lazy\" class=\"aligncenter wp-image-827 size-medium\" src=\"http:\/\/www.alfonsoromero.com\/blog\/wp-content\/uploads\/2013\/02\/Rosa_Martinez_Artero_Retrato_natural_Alfonso-236x300.jpg\" alt=\"rosa_martinez_artero_retrato_natural_alfonso\" width=\"236\" height=\"300\" srcset=\"http:\/\/www.alfonsoromero.com\/blog\/wp-content\/uploads\/2013\/02\/Rosa_Martinez_Artero_Retrato_natural_Alfonso-236x300.jpg 236w, http:\/\/www.alfonsoromero.com\/blog\/wp-content\/uploads\/2013\/02\/Rosa_Martinez_Artero_Retrato_natural_Alfonso-768x976.jpg 768w, http:\/\/www.alfonsoromero.com\/blog\/wp-content\/uploads\/2013\/02\/Rosa_Martinez_Artero_Retrato_natural_Alfonso.jpg 787w\" sizes=\"(max-width: 236px) 100vw, 236px\" \/><\/a>La asignatura de retrato era una de mis preferidas y con las que m\u00e1s disfrutaba. Seguramente ser\u00e1 porque siempre me ha gustado especialmente la figura y porque desde bien joven comenc\u00e9 a pintar retratos de las modelos que aparec\u00edan en las revistas como Cosmop\u00f3litan. El afrontar el retrato desde el natural era un reto que me despertaba muchas ganas de aprender.<\/p>\n<p align=\"justify\">Pero el retrato nunca ha sido tarea f\u00e1cil. Posiblemente se trate del g\u00e9nero en las artes que m\u00e1s problemas y quebraderos de cabeza hayan despertado. Que si el parecido, que si las proporciones, que si la anatom\u00eda, en fin, nada sencillo. En aquellas clses de retrato pod\u00edamos encontrar de todo. Desde perfectos desconocidos de la t\u00e9cnica y soberanos negados hasta grandes talentos capaces de captar la esencia de muy pocos trazos. Sin duda, las clases resultaban muy entretenidas y con un poco de atenci\u00f3n se pod\u00edan aprender muchas cosas.<\/p>\n<p align=\"justify\">La maestr\u00eda de nuestra profesora era patente y eso me hac\u00eda disfrutar si cabe a\u00fan m\u00e1s. Pod\u00edamos aprender de los compa\u00f1eros y de las sabias indicaciones de Rosa que nunca ca\u00edan en el vac\u00edo. Ense\u00f1ar a retratar es muy dif\u00edcil pero Rosa lo hac\u00eda muy bien. Sobre todo cuando cog\u00eda el l\u00e1piz.<\/p>\n<p align=\"justify\">Un d\u00eda, no me acuerdo por qu\u00e9 motivo, nos quedamos sin modelo en la clase, as\u00ed que para no quedarnos sin trabajar me ofrec\u00ed a posar como modelo. Aunque no era lo habitual, Rosa cogi\u00f3 un peque\u00f1o trozo de papel y empez\u00f3 a bosquejar unas l\u00edneas que poco a poco se transformaron en este retrato, a mi parecer, espl\u00e9ndido. Con esta lecci\u00f3n cre\u00ed haber aprendido algo m\u00e1s. Cre\u00ed haber dado un paso hacia adelante. Aunque me di cuenta un poco m\u00e1s tarde, cuando volv\u00ed a coger el l\u00e1piz para retratar y vi que ya no lo hac\u00eda de la misma manera que antes.<\/p>\n<p>Gracias Rosa, por aquellos fant\u00e1sticos d\u00edas<\/p>\n","protected":false},"excerpt":{"rendered":"<p>En esta ocasi\u00f3n os traigo un dibujo que recuper\u00e9 hace algunos a\u00f1os y que ten\u00eda guardado en alguna de las muchas carpetas de dibujos y recuerdos de mis tiempos de estudiante. Se trata de un retrato del natural que me hizo la excelente profesora Rosa Mart\u00ednez Artero que en aquel entonces impart\u00eda la asignatura de [&hellip;]<\/p>\n","protected":false},"author":1,"featured_media":0,"comment_status":"open","ping_status":"open","sticky":false,"template":"","format":"standard","meta":[],"categories":[7],"tags":[],"_links":{"self":[{"href":"http:\/\/www.alfonsoromero.com\/blog\/wp-json\/wp\/v2\/posts\/159"}],"collection":[{"href":"http:\/\/www.alfonsoromero.com\/blog\/wp-json\/wp\/v2\/posts"}],"about":[{"href":"http:\/\/www.alfonsoromero.com\/blog\/wp-json\/wp\/v2\/types\/post"}],"author":[{"embeddable":true,"href":"http:\/\/www.alfonsoromero.com\/blog\/wp-json\/wp\/v2\/users\/1"}],"replies":[{"embeddable":true,"href":"http:\/\/www.alfonsoromero.com\/blog\/wp-json\/wp\/v2\/comments?post=159"}],"version-history":[{"count":16,"href":"http:\/\/www.alfonsoromero.com\/blog\/wp-json\/wp\/v2\/posts\/159\/revisions"}],"predecessor-version":[{"id":828,"href":"http:\/\/www.alfonsoromero.com\/blog\/wp-json\/wp\/v2\/posts\/159\/revisions\/828"}],"wp:attachment":[{"href":"http:\/\/www.alfonsoromero.com\/blog\/wp-json\/wp\/v2\/media?parent=159"}],"wp:term":[{"taxonomy":"category","embeddable":true,"href":"http:\/\/www.alfonsoromero.com\/blog\/wp-json\/wp\/v2\/categories?post=159"},{"taxonomy":"post_tag","embeddable":true,"href":"http:\/\/www.alfonsoromero.com\/blog\/wp-json\/wp\/v2\/tags?post=159"}],"curies":[{"name":"wp","href":"https:\/\/api.w.org\/{rel}","templated":true}]}}