{"id":1179,"date":"2019-05-20T21:40:10","date_gmt":"2019-05-20T21:40:10","guid":{"rendered":"http:\/\/www.alfonsoromero.com\/blog\/?p=1179"},"modified":"2020-10-20T21:47:57","modified_gmt":"2020-10-20T21:47:57","slug":"retrato-de-lara-en-una-silla","status":"publish","type":"post","link":"http:\/\/www.alfonsoromero.com\/blog\/obras\/retrato-de-lara-en-una-silla\/","title":{"rendered":"Retrato de Lara en una silla"},"content":{"rendered":"<p>Este retrato realizado en pastel sufrir\u00eda m\u00e1s tarde las consecuencias de las desastrosas inundaciones en Espa\u00f1a en 2019. Desgraciadamente este retrato se perdi\u00f3 por completo por el agua y lo \u00fanico que queda ahora es la foto que hice antes de entregarlo.<\/p>\n<div id=\"attachment_1180\" style=\"width: 546px\" class=\"wp-caption aligncenter\"><a href=\"http:\/\/www.alfonsoromero.com\/blog\/wp-content\/uploads\/2020\/10\/Lara_silla_01.jpg\" target=\"_blank\" rel=\"noopener\"><img aria-describedby=\"caption-attachment-1180\" decoding=\"async\" loading=\"lazy\" class=\"wp-image-1180 size-full\" src=\"http:\/\/www.alfonsoromero.com\/blog\/wp-content\/uploads\/2020\/10\/Lara_silla_01.jpg\" alt=\"Retrato de Lara en una silla\" width=\"536\" height=\"700\" srcset=\"http:\/\/www.alfonsoromero.com\/blog\/wp-content\/uploads\/2020\/10\/Lara_silla_01.jpg 536w, http:\/\/www.alfonsoromero.com\/blog\/wp-content\/uploads\/2020\/10\/Lara_silla_01-230x300.jpg 230w\" sizes=\"(max-width: 536px) 100vw, 536px\" \/><\/a><p id=\"caption-attachment-1180\" class=\"wp-caption-text\">Pastel sobre papel. 70&#215;50 cm<\/p><\/div>\n","protected":false},"excerpt":{"rendered":"<p>Este retrato realizado en pastel sufrir\u00eda m\u00e1s tarde las consecuencias de las desastrosas inundaciones en Espa\u00f1a en 2019. Desgraciadamente este retrato se perdi\u00f3 por completo por el agua y lo \u00fanico que queda ahora es la foto que hice antes de entregarlo.<\/p>\n","protected":false},"author":1,"featured_media":0,"comment_status":"open","ping_status":"open","sticky":false,"template":"","format":"standard","meta":[],"categories":[4,5],"tags":[],"_links":{"self":[{"href":"http:\/\/www.alfonsoromero.com\/blog\/wp-json\/wp\/v2\/posts\/1179"}],"collection":[{"href":"http:\/\/www.alfonsoromero.com\/blog\/wp-json\/wp\/v2\/posts"}],"about":[{"href":"http:\/\/www.alfonsoromero.com\/blog\/wp-json\/wp\/v2\/types\/post"}],"author":[{"embeddable":true,"href":"http:\/\/www.alfonsoromero.com\/blog\/wp-json\/wp\/v2\/users\/1"}],"replies":[{"embeddable":true,"href":"http:\/\/www.alfonsoromero.com\/blog\/wp-json\/wp\/v2\/comments?post=1179"}],"version-history":[{"count":1,"href":"http:\/\/www.alfonsoromero.com\/blog\/wp-json\/wp\/v2\/posts\/1179\/revisions"}],"predecessor-version":[{"id":1181,"href":"http:\/\/www.alfonsoromero.com\/blog\/wp-json\/wp\/v2\/posts\/1179\/revisions\/1181"}],"wp:attachment":[{"href":"http:\/\/www.alfonsoromero.com\/blog\/wp-json\/wp\/v2\/media?parent=1179"}],"wp:term":[{"taxonomy":"category","embeddable":true,"href":"http:\/\/www.alfonsoromero.com\/blog\/wp-json\/wp\/v2\/categories?post=1179"},{"taxonomy":"post_tag","embeddable":true,"href":"http:\/\/www.alfonsoromero.com\/blog\/wp-json\/wp\/v2\/tags?post=1179"}],"curies":[{"name":"wp","href":"https:\/\/api.w.org\/{rel}","templated":true}]}}