{"id":1169,"date":"2020-10-10T21:06:31","date_gmt":"2020-10-10T21:06:31","guid":{"rendered":"http:\/\/www.alfonsoromero.com\/blog\/?p=1169"},"modified":"2020-10-20T21:12:10","modified_gmt":"2020-10-20T21:12:10","slug":"gallina","status":"publish","type":"post","link":"http:\/\/www.alfonsoromero.com\/blog\/obras\/gallina\/","title":{"rendered":"Gallina"},"content":{"rendered":"<p>Este es un estudio de gallina en pastel que realic\u00e9 a raiz del cuadro del establo de gallinas del otro d\u00eda. Las gallinas tienen una forma y colores muy interesantes que llaman la atenci\u00f3n, no precisamente por su belleza, sino m\u00e1s bien por lo interesante de sus formas, texturas y colores. Seguramente vuelva a retomar el tema en el futuro.<\/p>\n<div id=\"attachment_1170\" style=\"width: 760px\" class=\"wp-caption aligncenter\"><a href=\"http:\/\/www.alfonsoromero.com\/blog\/wp-content\/uploads\/2020\/10\/Gallina_01_2.jpg\" target=\"_blank\" rel=\"noopener\"><img aria-describedby=\"caption-attachment-1170\" decoding=\"async\" loading=\"lazy\" class=\"wp-image-1170 size-large\" src=\"http:\/\/www.alfonsoromero.com\/blog\/wp-content\/uploads\/2020\/10\/Gallina_01_2-1024x1024.jpg\" alt=\"Gallina\" width=\"750\" height=\"750\" srcset=\"http:\/\/www.alfonsoromero.com\/blog\/wp-content\/uploads\/2020\/10\/Gallina_01_2-1024x1024.jpg 1024w, http:\/\/www.alfonsoromero.com\/blog\/wp-content\/uploads\/2020\/10\/Gallina_01_2-150x150.jpg 150w, http:\/\/www.alfonsoromero.com\/blog\/wp-content\/uploads\/2020\/10\/Gallina_01_2-300x300.jpg 300w, http:\/\/www.alfonsoromero.com\/blog\/wp-content\/uploads\/2020\/10\/Gallina_01_2-768x768.jpg 768w, http:\/\/www.alfonsoromero.com\/blog\/wp-content\/uploads\/2020\/10\/Gallina_01_2.jpg 1464w\" sizes=\"(max-width: 750px) 100vw, 750px\" \/><\/a><p id=\"caption-attachment-1170\" class=\"wp-caption-text\">Pastel sobre papel. 13&#215;13 cm<\/p><\/div>\n<p>&nbsp;<\/p>\n<p><a href=\"http:\/\/www.alfonsoromero.com\/blog\/wp-content\/uploads\/2020\/10\/Gallina_01.jpg\"><img decoding=\"async\" loading=\"lazy\" class=\"aligncenter size-full wp-image-1171\" src=\"http:\/\/www.alfonsoromero.com\/blog\/wp-content\/uploads\/2020\/10\/Gallina_01.jpg\" alt=\"\" width=\"509\" height=\"600\" srcset=\"http:\/\/www.alfonsoromero.com\/blog\/wp-content\/uploads\/2020\/10\/Gallina_01.jpg 509w, http:\/\/www.alfonsoromero.com\/blog\/wp-content\/uploads\/2020\/10\/Gallina_01-255x300.jpg 255w\" sizes=\"(max-width: 509px) 100vw, 509px\" \/><\/a><\/p>\n","protected":false},"excerpt":{"rendered":"<p>Este es un estudio de gallina en pastel que realic\u00e9 a raiz del cuadro del establo de gallinas del otro d\u00eda. Las gallinas tienen una forma y colores muy interesantes que llaman la atenci\u00f3n, no precisamente por su belleza, sino m\u00e1s bien por lo interesante de sus formas, texturas y colores. Seguramente vuelva a retomar [&hellip;]<\/p>\n","protected":false},"author":1,"featured_media":0,"comment_status":"open","ping_status":"open","sticky":false,"template":"","format":"standard","meta":[],"categories":[9,4],"tags":[],"_links":{"self":[{"href":"http:\/\/www.alfonsoromero.com\/blog\/wp-json\/wp\/v2\/posts\/1169"}],"collection":[{"href":"http:\/\/www.alfonsoromero.com\/blog\/wp-json\/wp\/v2\/posts"}],"about":[{"href":"http:\/\/www.alfonsoromero.com\/blog\/wp-json\/wp\/v2\/types\/post"}],"author":[{"embeddable":true,"href":"http:\/\/www.alfonsoromero.com\/blog\/wp-json\/wp\/v2\/users\/1"}],"replies":[{"embeddable":true,"href":"http:\/\/www.alfonsoromero.com\/blog\/wp-json\/wp\/v2\/comments?post=1169"}],"version-history":[{"count":1,"href":"http:\/\/www.alfonsoromero.com\/blog\/wp-json\/wp\/v2\/posts\/1169\/revisions"}],"predecessor-version":[{"id":1172,"href":"http:\/\/www.alfonsoromero.com\/blog\/wp-json\/wp\/v2\/posts\/1169\/revisions\/1172"}],"wp:attachment":[{"href":"http:\/\/www.alfonsoromero.com\/blog\/wp-json\/wp\/v2\/media?parent=1169"}],"wp:term":[{"taxonomy":"category","embeddable":true,"href":"http:\/\/www.alfonsoromero.com\/blog\/wp-json\/wp\/v2\/categories?post=1169"},{"taxonomy":"post_tag","embeddable":true,"href":"http:\/\/www.alfonsoromero.com\/blog\/wp-json\/wp\/v2\/tags?post=1169"}],"curies":[{"name":"wp","href":"https:\/\/api.w.org\/{rel}","templated":true}]}}