{"id":1139,"date":"2018-11-26T20:55:24","date_gmt":"2018-11-26T20:55:24","guid":{"rendered":"http:\/\/www.alfonsoromero.com\/blog\/?p=1139"},"modified":"2018-11-26T21:01:14","modified_gmt":"2018-11-26T21:01:14","slug":"retrato-en-azul","status":"publish","type":"post","link":"http:\/\/www.alfonsoromero.com\/blog\/obras\/retrato-en-azul\/","title":{"rendered":"Retrato en azul"},"content":{"rendered":"<p>Volviendo al retrato, he realizado durante esta \u00faltima semana un primer plano de perfil con un resultado algo m\u00e1s moderno de lo que suelo hacer. Me gusta volver al retrato despu\u00e9s de estar centrado en el paisaje. Creo que me regenera la visi\u00f3n art\u00edstica ya que para m\u00ed son casi complementarios. El paisaje al aire libree y el retrato en el estudio. Aqu\u00ed os dejo el resultado.<\/p>\n<p style=\"text-align: center;\"><a href=\"http:\/\/www.alfonsoromero.com\/blog\/wp-content\/uploads\/2018\/11\/Lara_azul_2018_marco.jpg\" target=\"_blank\" rel=\"noopener\"><img decoding=\"async\" loading=\"lazy\" class=\"aligncenter wp-image-1140 size-large\" src=\"http:\/\/www.alfonsoromero.com\/blog\/wp-content\/uploads\/2018\/11\/Lara_azul_2018_marco-1024x1024.jpg\" alt=\"\" width=\"750\" height=\"750\" srcset=\"http:\/\/www.alfonsoromero.com\/blog\/wp-content\/uploads\/2018\/11\/Lara_azul_2018_marco-1024x1024.jpg 1024w, http:\/\/www.alfonsoromero.com\/blog\/wp-content\/uploads\/2018\/11\/Lara_azul_2018_marco-150x150.jpg 150w, http:\/\/www.alfonsoromero.com\/blog\/wp-content\/uploads\/2018\/11\/Lara_azul_2018_marco-300x300.jpg 300w, http:\/\/www.alfonsoromero.com\/blog\/wp-content\/uploads\/2018\/11\/Lara_azul_2018_marco-768x768.jpg 768w, http:\/\/www.alfonsoromero.com\/blog\/wp-content\/uploads\/2018\/11\/Lara_azul_2018_marco.jpg 1464w\" sizes=\"(max-width: 750px) 100vw, 750px\" \/><\/a><span style=\"color: #999999;\">Lara en azul<\/span><br \/>\n<span style=\"color: #999999;\">50&#215;50 cm<\/span><br \/>\n<span style=\"color: #999999;\">Pastel sobre papel<\/span><\/p>\n<p>&nbsp;<\/p>\n","protected":false},"excerpt":{"rendered":"<p>Volviendo al retrato, he realizado durante esta \u00faltima semana un primer plano de perfil con un resultado algo m\u00e1s moderno de lo que suelo hacer. Me gusta volver al retrato despu\u00e9s de estar centrado en el paisaje. Creo que me regenera la visi\u00f3n art\u00edstica ya que para m\u00ed son casi complementarios. El paisaje al aire [&hellip;]<\/p>\n","protected":false},"author":1,"featured_media":1143,"comment_status":"open","ping_status":"open","sticky":false,"template":"","format":"standard","meta":[],"categories":[4,5],"tags":[],"_links":{"self":[{"href":"http:\/\/www.alfonsoromero.com\/blog\/wp-json\/wp\/v2\/posts\/1139"}],"collection":[{"href":"http:\/\/www.alfonsoromero.com\/blog\/wp-json\/wp\/v2\/posts"}],"about":[{"href":"http:\/\/www.alfonsoromero.com\/blog\/wp-json\/wp\/v2\/types\/post"}],"author":[{"embeddable":true,"href":"http:\/\/www.alfonsoromero.com\/blog\/wp-json\/wp\/v2\/users\/1"}],"replies":[{"embeddable":true,"href":"http:\/\/www.alfonsoromero.com\/blog\/wp-json\/wp\/v2\/comments?post=1139"}],"version-history":[{"count":3,"href":"http:\/\/www.alfonsoromero.com\/blog\/wp-json\/wp\/v2\/posts\/1139\/revisions"}],"predecessor-version":[{"id":1144,"href":"http:\/\/www.alfonsoromero.com\/blog\/wp-json\/wp\/v2\/posts\/1139\/revisions\/1144"}],"wp:featuredmedia":[{"embeddable":true,"href":"http:\/\/www.alfonsoromero.com\/blog\/wp-json\/wp\/v2\/media\/1143"}],"wp:attachment":[{"href":"http:\/\/www.alfonsoromero.com\/blog\/wp-json\/wp\/v2\/media?parent=1139"}],"wp:term":[{"taxonomy":"category","embeddable":true,"href":"http:\/\/www.alfonsoromero.com\/blog\/wp-json\/wp\/v2\/categories?post=1139"},{"taxonomy":"post_tag","embeddable":true,"href":"http:\/\/www.alfonsoromero.com\/blog\/wp-json\/wp\/v2\/tags?post=1139"}],"curies":[{"name":"wp","href":"https:\/\/api.w.org\/{rel}","templated":true}]}}