{"id":1068,"date":"2018-11-18T18:37:36","date_gmt":"2018-11-18T18:37:36","guid":{"rendered":"http:\/\/www.alfonsoromero.com\/blog\/?p=1068"},"modified":"2018-11-18T18:43:08","modified_gmt":"2018-11-18T18:43:08","slug":"2-figura-entre-arboles","status":"publish","type":"post","link":"http:\/\/www.alfonsoromero.com\/blog\/obras\/2-figura-entre-arboles\/","title":{"rendered":"Figura entre \u00e1rboles 2"},"content":{"rendered":"<p>Siguiendo con el tema de los paisajes de oto\u00f1o y queriendo retomar la composici\u00f3n con figuras, he realizado una nueva obra al pastel que sigue el mismo estilo de la anterior figura entre los \u00e1rboles que hice anteriormente.<\/p>\n<p style=\"text-align: center;\"><a href=\"http:\/\/www.alfonsoromero.com\/blog\/wp-content\/uploads\/2018\/11\/Fondo_con_arboles_Lara_01.jpg\" target=\"_blank\" rel=\"noopener\"><img decoding=\"async\" loading=\"lazy\" class=\"aligncenter wp-image-1076 size-large\" src=\"http:\/\/www.alfonsoromero.com\/blog\/wp-content\/uploads\/2018\/11\/Fondo_con_arboles_Lara_01-1024x840.jpg\" alt=\"\" width=\"750\" height=\"615\" srcset=\"http:\/\/www.alfonsoromero.com\/blog\/wp-content\/uploads\/2018\/11\/Fondo_con_arboles_Lara_01-1024x840.jpg 1024w, http:\/\/www.alfonsoromero.com\/blog\/wp-content\/uploads\/2018\/11\/Fondo_con_arboles_Lara_01-300x246.jpg 300w, http:\/\/www.alfonsoromero.com\/blog\/wp-content\/uploads\/2018\/11\/Fondo_con_arboles_Lara_01-768x630.jpg 768w, http:\/\/www.alfonsoromero.com\/blog\/wp-content\/uploads\/2018\/11\/Fondo_con_arboles_Lara_01.jpg 1500w\" sizes=\"(max-width: 750px) 100vw, 750px\" \/><\/a>Figura entre los \u00e1rboles 2<br \/>\n28\u00d738 cm<\/p>\n<p>&nbsp;<\/p>\n<p style=\"text-align: center;\">Algunos detalles :<\/p>\n<p><a href=\"http:\/\/www.alfonsoromero.com\/blog\/wp-content\/uploads\/2018\/11\/Fondo_con_arboles_Lara_03.jpg\" target=\"_blank\" rel=\"noopener\"><img decoding=\"async\" loading=\"lazy\" class=\"aligncenter wp-image-1070 size-medium\" src=\"http:\/\/www.alfonsoromero.com\/blog\/wp-content\/uploads\/2018\/11\/Fondo_con_arboles_Lara_03-300x176.jpg\" alt=\"\" width=\"300\" height=\"176\" srcset=\"http:\/\/www.alfonsoromero.com\/blog\/wp-content\/uploads\/2018\/11\/Fondo_con_arboles_Lara_03-300x176.jpg 300w, http:\/\/www.alfonsoromero.com\/blog\/wp-content\/uploads\/2018\/11\/Fondo_con_arboles_Lara_03-768x450.jpg 768w, http:\/\/www.alfonsoromero.com\/blog\/wp-content\/uploads\/2018\/11\/Fondo_con_arboles_Lara_03-1024x599.jpg 1024w, http:\/\/www.alfonsoromero.com\/blog\/wp-content\/uploads\/2018\/11\/Fondo_con_arboles_Lara_03.jpg 1500w\" sizes=\"(max-width: 300px) 100vw, 300px\" \/><\/a><\/p>\n<p><a href=\"http:\/\/www.alfonsoromero.com\/blog\/wp-content\/uploads\/2018\/11\/Fondo_con_arboles_Lara_02.jpg\" target=\"_blank\" rel=\"noopener\"><img decoding=\"async\" loading=\"lazy\" class=\"aligncenter wp-image-1071 size-medium\" src=\"http:\/\/www.alfonsoromero.com\/blog\/wp-content\/uploads\/2018\/11\/Fondo_con_arboles_Lara_02-300x191.jpg\" alt=\"\" width=\"300\" height=\"191\" srcset=\"http:\/\/www.alfonsoromero.com\/blog\/wp-content\/uploads\/2018\/11\/Fondo_con_arboles_Lara_02-300x191.jpg 300w, http:\/\/www.alfonsoromero.com\/blog\/wp-content\/uploads\/2018\/11\/Fondo_con_arboles_Lara_02-768x489.jpg 768w, http:\/\/www.alfonsoromero.com\/blog\/wp-content\/uploads\/2018\/11\/Fondo_con_arboles_Lara_02-1024x653.jpg 1024w, http:\/\/www.alfonsoromero.com\/blog\/wp-content\/uploads\/2018\/11\/Fondo_con_arboles_Lara_02.jpg 1500w\" sizes=\"(max-width: 300px) 100vw, 300px\" \/><\/a><\/p>\n<p><a href=\"http:\/\/www.alfonsoromero.com\/blog\/wp-content\/uploads\/2018\/11\/Fondo_con_arboles_Lara_04.jpg\" target=\"_blank\" rel=\"noopener\"><img decoding=\"async\" loading=\"lazy\" class=\"aligncenter wp-image-1072 size-medium\" src=\"http:\/\/www.alfonsoromero.com\/blog\/wp-content\/uploads\/2018\/11\/Fondo_con_arboles_Lara_04-300x207.jpg\" alt=\"\" width=\"300\" height=\"207\" srcset=\"http:\/\/www.alfonsoromero.com\/blog\/wp-content\/uploads\/2018\/11\/Fondo_con_arboles_Lara_04-300x207.jpg 300w, http:\/\/www.alfonsoromero.com\/blog\/wp-content\/uploads\/2018\/11\/Fondo_con_arboles_Lara_04-768x531.jpg 768w, http:\/\/www.alfonsoromero.com\/blog\/wp-content\/uploads\/2018\/11\/Fondo_con_arboles_Lara_04.jpg 1000w\" sizes=\"(max-width: 300px) 100vw, 300px\" \/><\/a><\/p>\n<p>&nbsp;<\/p>\n<p>&nbsp;<\/p>\n","protected":false},"excerpt":{"rendered":"<p>Siguiendo con el tema de los paisajes de oto\u00f1o y queriendo retomar la composici\u00f3n con figuras, he realizado una nueva obra al pastel que sigue el mismo estilo de la anterior figura entre los \u00e1rboles que hice anteriormente. Figura entre los \u00e1rboles 2 28\u00d738 cm &nbsp; Algunos detalles : &nbsp; &nbsp;<\/p>\n","protected":false},"author":1,"featured_media":1074,"comment_status":"open","ping_status":"open","sticky":false,"template":"","format":"standard","meta":[],"categories":[4,5],"tags":[],"_links":{"self":[{"href":"http:\/\/www.alfonsoromero.com\/blog\/wp-json\/wp\/v2\/posts\/1068"}],"collection":[{"href":"http:\/\/www.alfonsoromero.com\/blog\/wp-json\/wp\/v2\/posts"}],"about":[{"href":"http:\/\/www.alfonsoromero.com\/blog\/wp-json\/wp\/v2\/types\/post"}],"author":[{"embeddable":true,"href":"http:\/\/www.alfonsoromero.com\/blog\/wp-json\/wp\/v2\/users\/1"}],"replies":[{"embeddable":true,"href":"http:\/\/www.alfonsoromero.com\/blog\/wp-json\/wp\/v2\/comments?post=1068"}],"version-history":[{"count":5,"href":"http:\/\/www.alfonsoromero.com\/blog\/wp-json\/wp\/v2\/posts\/1068\/revisions"}],"predecessor-version":[{"id":1079,"href":"http:\/\/www.alfonsoromero.com\/blog\/wp-json\/wp\/v2\/posts\/1068\/revisions\/1079"}],"wp:featuredmedia":[{"embeddable":true,"href":"http:\/\/www.alfonsoromero.com\/blog\/wp-json\/wp\/v2\/media\/1074"}],"wp:attachment":[{"href":"http:\/\/www.alfonsoromero.com\/blog\/wp-json\/wp\/v2\/media?parent=1068"}],"wp:term":[{"taxonomy":"category","embeddable":true,"href":"http:\/\/www.alfonsoromero.com\/blog\/wp-json\/wp\/v2\/categories?post=1068"},{"taxonomy":"post_tag","embeddable":true,"href":"http:\/\/www.alfonsoromero.com\/blog\/wp-json\/wp\/v2\/tags?post=1068"}],"curies":[{"name":"wp","href":"https:\/\/api.w.org\/{rel}","templated":true}]}}