{"id":1061,"date":"2018-08-14T21:22:30","date_gmt":"2018-08-14T21:22:30","guid":{"rendered":"http:\/\/www.alfonsoromero.com\/blog\/?p=1061"},"modified":"2018-11-11T21:26:56","modified_gmt":"2018-11-11T21:26:56","slug":"naxos-dibujo-rapido-del-natural","status":"publish","type":"post","link":"http:\/\/www.alfonsoromero.com\/blog\/obras\/paisajes\/naxos-dibujo-rapido-del-natural\/","title":{"rendered":"Naxos &#8211; Dibujo r\u00e1pido del natural"},"content":{"rendered":"<p style=\"text-align: justify;\">Hoy os traigo un dibujo r\u00e1pido del pueblo de Naxos realizado por la tarde casi de noche y desde el coche (hac\u00eda mucho viento). De hecho me qued\u00e9 casi sin luz y en la fase final fui siguiendo m\u00e1s la impresi\u00f3n que el modelo. En cualquier caso lo que quer\u00eda era plasmar de una forma espont\u00e1nea la silueta y la personalidad de este maravilloso lugar de las c\u00edcladas.<\/p>\n<p style=\"text-align: center;\"><a href=\"http:\/\/www.alfonsoromero.com\/blog\/wp-content\/uploads\/2018\/11\/A_Romero_Naxos_pueblo.jpg\" target=\"_blank\" rel=\"noopener\"><img decoding=\"async\" loading=\"lazy\" class=\"aligncenter wp-image-1062\" src=\"http:\/\/www.alfonsoromero.com\/blog\/wp-content\/uploads\/2018\/11\/A_Romero_Naxos_pueblo-1024x688.jpg\" alt=\"\" width=\"700\" height=\"470\" srcset=\"http:\/\/www.alfonsoromero.com\/blog\/wp-content\/uploads\/2018\/11\/A_Romero_Naxos_pueblo-1024x688.jpg 1024w, http:\/\/www.alfonsoromero.com\/blog\/wp-content\/uploads\/2018\/11\/A_Romero_Naxos_pueblo-300x202.jpg 300w, http:\/\/www.alfonsoromero.com\/blog\/wp-content\/uploads\/2018\/11\/A_Romero_Naxos_pueblo-768x516.jpg 768w, http:\/\/www.alfonsoromero.com\/blog\/wp-content\/uploads\/2018\/11\/A_Romero_Naxos_pueblo.jpg 1500w\" sizes=\"(max-width: 700px) 100vw, 700px\" \/><\/a>Naxos<br \/>\n22\u00d715 cm<\/p>\n","protected":false},"excerpt":{"rendered":"<p>Hoy os traigo un dibujo r\u00e1pido del pueblo de Naxos realizado por la tarde casi de noche y desde el coche (hac\u00eda mucho viento). De hecho me qued\u00e9 casi sin luz y en la fase final fui siguiendo m\u00e1s la impresi\u00f3n que el modelo. En cualquier caso lo que quer\u00eda era plasmar de una forma [&hellip;]<\/p>\n","protected":false},"author":1,"featured_media":0,"comment_status":"open","ping_status":"open","sticky":false,"template":"","format":"standard","meta":[],"categories":[8,9,6,15],"tags":[],"_links":{"self":[{"href":"http:\/\/www.alfonsoromero.com\/blog\/wp-json\/wp\/v2\/posts\/1061"}],"collection":[{"href":"http:\/\/www.alfonsoromero.com\/blog\/wp-json\/wp\/v2\/posts"}],"about":[{"href":"http:\/\/www.alfonsoromero.com\/blog\/wp-json\/wp\/v2\/types\/post"}],"author":[{"embeddable":true,"href":"http:\/\/www.alfonsoromero.com\/blog\/wp-json\/wp\/v2\/users\/1"}],"replies":[{"embeddable":true,"href":"http:\/\/www.alfonsoromero.com\/blog\/wp-json\/wp\/v2\/comments?post=1061"}],"version-history":[{"count":4,"href":"http:\/\/www.alfonsoromero.com\/blog\/wp-json\/wp\/v2\/posts\/1061\/revisions"}],"predecessor-version":[{"id":1066,"href":"http:\/\/www.alfonsoromero.com\/blog\/wp-json\/wp\/v2\/posts\/1061\/revisions\/1066"}],"wp:attachment":[{"href":"http:\/\/www.alfonsoromero.com\/blog\/wp-json\/wp\/v2\/media?parent=1061"}],"wp:term":[{"taxonomy":"category","embeddable":true,"href":"http:\/\/www.alfonsoromero.com\/blog\/wp-json\/wp\/v2\/categories?post=1061"},{"taxonomy":"post_tag","embeddable":true,"href":"http:\/\/www.alfonsoromero.com\/blog\/wp-json\/wp\/v2\/tags?post=1061"}],"curies":[{"name":"wp","href":"https:\/\/api.w.org\/{rel}","templated":true}]}}