{"id":1021,"date":"2018-11-11T18:07:32","date_gmt":"2018-11-11T18:07:32","guid":{"rendered":"http:\/\/www.alfonsoromero.com\/blog\/?p=1021"},"modified":"2018-11-27T11:57:08","modified_gmt":"2018-11-27T11:57:08","slug":"pintando-el-otono-en-el-pfinzkanal-herbststimmung-am-pfinzkanal","status":"publish","type":"post","link":"http:\/\/www.alfonsoromero.com\/blog\/obras\/pintando-el-otono-en-el-pfinzkanal-herbststimmung-am-pfinzkanal\/","title":{"rendered":"Pintando el oto\u00f1o en el Pfinzkanal &#8211; Herbststimmung am Pfinzkanal"},"content":{"rendered":"<p style=\"text-align: justify;\">Los colores del oto\u00f1o son magn\u00edficos para explayarse con las pinturas al pastel. La inmediatez en la ejecuci\u00f3n y la versatilidad a la hora de aplicarlos sobre el papel lo convierte en una t\u00e9cnica perfecta para poder hacer trabajos r\u00e1pidos del natural. Para buscar las escenas voy en bicicleta ya que me puedo introducir en el bosque f\u00e1cilmente y puedo utilizar adem\u00e1s la bicicleta como soporte para las pinturas. Llevo un caballete met\u00e1lico que, aunque es un poco pesado y aparatoso, me hace un gran papel para sujetar el tablero.<\/p>\n<p style=\"text-align: center;\"><a href=\"http:\/\/www.alfonsoromero.com\/blog\/wp-content\/uploads\/2018\/11\/Karlsruhe_Herbststimmung_2018_02_marco.jpg\" target=\"_blank\" rel=\"noopener\"><img decoding=\"async\" loading=\"lazy\" class=\"aligncenter wp-image-1022\" src=\"http:\/\/www.alfonsoromero.com\/blog\/wp-content\/uploads\/2018\/11\/Karlsruhe_Herbststimmung_2018_02_marco.jpg\" alt=\"\" width=\"600\" height=\"600\" srcset=\"http:\/\/www.alfonsoromero.com\/blog\/wp-content\/uploads\/2018\/11\/Karlsruhe_Herbststimmung_2018_02_marco.jpg 1000w, http:\/\/www.alfonsoromero.com\/blog\/wp-content\/uploads\/2018\/11\/Karlsruhe_Herbststimmung_2018_02_marco-150x150.jpg 150w, http:\/\/www.alfonsoromero.com\/blog\/wp-content\/uploads\/2018\/11\/Karlsruhe_Herbststimmung_2018_02_marco-300x300.jpg 300w, http:\/\/www.alfonsoromero.com\/blog\/wp-content\/uploads\/2018\/11\/Karlsruhe_Herbststimmung_2018_02_marco-768x768.jpg 768w\" sizes=\"(max-width: 600px) 100vw, 600px\" \/><\/a>Bosque en el Pfinzkanal (Karlsruhe)<br \/>\n<span style=\"color: #808080;\">Wald am Pfinzkanal<\/span><br \/>\n13&#215;13 cm<\/p>\n<p style=\"text-align: center;\"><a href=\"http:\/\/www.alfonsoromero.com\/blog\/wp-content\/uploads\/2018\/11\/Karlsruhe_Herbststimmung_2018_01_marco.jpg\" target=\"_blank\" rel=\"noopener\"><img decoding=\"async\" loading=\"lazy\" class=\"aligncenter wp-image-1023\" src=\"http:\/\/www.alfonsoromero.com\/blog\/wp-content\/uploads\/2018\/11\/Karlsruhe_Herbststimmung_2018_01_marco.jpg\" alt=\"\" width=\"600\" height=\"600\" srcset=\"http:\/\/www.alfonsoromero.com\/blog\/wp-content\/uploads\/2018\/11\/Karlsruhe_Herbststimmung_2018_01_marco.jpg 1000w, http:\/\/www.alfonsoromero.com\/blog\/wp-content\/uploads\/2018\/11\/Karlsruhe_Herbststimmung_2018_01_marco-150x150.jpg 150w, http:\/\/www.alfonsoromero.com\/blog\/wp-content\/uploads\/2018\/11\/Karlsruhe_Herbststimmung_2018_01_marco-300x300.jpg 300w, http:\/\/www.alfonsoromero.com\/blog\/wp-content\/uploads\/2018\/11\/Karlsruhe_Herbststimmung_2018_01_marco-768x768.jpg 768w\" sizes=\"(max-width: 600px) 100vw, 600px\" \/><\/a>Bosque en el Pfinzkanal (Karlsruhe)<br \/>\n<span style=\"color: #808080;\">Wald am Pfinzkanal<\/span><br \/>\n13&#215;13 cm<\/p>\n<p>&nbsp;<\/p>\n<p>&nbsp;<\/p>\n<p><a href=\"http:\/\/www.alfonsoromero.com\/blog\/wp-content\/uploads\/2018\/11\/bicicleta_pintando_2-1.jpg\" target=\"_blank\" rel=\"noopener\"><img decoding=\"async\" loading=\"lazy\" class=\"aligncenter wp-image-1051\" src=\"http:\/\/www.alfonsoromero.com\/blog\/wp-content\/uploads\/2018\/11\/bicicleta_pintando_2-1.jpg\" alt=\"\" width=\"400\" height=\"268\" srcset=\"http:\/\/www.alfonsoromero.com\/blog\/wp-content\/uploads\/2018\/11\/bicicleta_pintando_2-1.jpg 1000w, http:\/\/www.alfonsoromero.com\/blog\/wp-content\/uploads\/2018\/11\/bicicleta_pintando_2-1-300x201.jpg 300w, http:\/\/www.alfonsoromero.com\/blog\/wp-content\/uploads\/2018\/11\/bicicleta_pintando_2-1-768x514.jpg 768w\" sizes=\"(max-width: 400px) 100vw, 400px\" \/><\/a><\/p>\n","protected":false},"excerpt":{"rendered":"<p>Los colores del oto\u00f1o son magn\u00edficos para explayarse con las pinturas al pastel. La inmediatez en la ejecuci\u00f3n y la versatilidad a la hora de aplicarlos sobre el papel lo convierte en una t\u00e9cnica perfecta para poder hacer trabajos r\u00e1pidos del natural. Para buscar las escenas voy en bicicleta ya que me puedo introducir en [&hellip;]<\/p>\n","protected":false},"author":1,"featured_media":1053,"comment_status":"open","ping_status":"open","sticky":false,"template":"","format":"standard","meta":[],"categories":[9,4,6],"tags":[28,43,44],"_links":{"self":[{"href":"http:\/\/www.alfonsoromero.com\/blog\/wp-json\/wp\/v2\/posts\/1021"}],"collection":[{"href":"http:\/\/www.alfonsoromero.com\/blog\/wp-json\/wp\/v2\/posts"}],"about":[{"href":"http:\/\/www.alfonsoromero.com\/blog\/wp-json\/wp\/v2\/types\/post"}],"author":[{"embeddable":true,"href":"http:\/\/www.alfonsoromero.com\/blog\/wp-json\/wp\/v2\/users\/1"}],"replies":[{"embeddable":true,"href":"http:\/\/www.alfonsoromero.com\/blog\/wp-json\/wp\/v2\/comments?post=1021"}],"version-history":[{"count":13,"href":"http:\/\/www.alfonsoromero.com\/blog\/wp-json\/wp\/v2\/posts\/1021\/revisions"}],"predecessor-version":[{"id":1152,"href":"http:\/\/www.alfonsoromero.com\/blog\/wp-json\/wp\/v2\/posts\/1021\/revisions\/1152"}],"wp:featuredmedia":[{"embeddable":true,"href":"http:\/\/www.alfonsoromero.com\/blog\/wp-json\/wp\/v2\/media\/1053"}],"wp:attachment":[{"href":"http:\/\/www.alfonsoromero.com\/blog\/wp-json\/wp\/v2\/media?parent=1021"}],"wp:term":[{"taxonomy":"category","embeddable":true,"href":"http:\/\/www.alfonsoromero.com\/blog\/wp-json\/wp\/v2\/categories?post=1021"},{"taxonomy":"post_tag","embeddable":true,"href":"http:\/\/www.alfonsoromero.com\/blog\/wp-json\/wp\/v2\/tags?post=1021"}],"curies":[{"name":"wp","href":"https:\/\/api.w.org\/{rel}","templated":true}]}}