{"id":1003,"date":"2016-11-25T21:30:51","date_gmt":"2016-11-25T21:30:51","guid":{"rendered":"http:\/\/www.alfonsoromero.com\/blog\/?p=1003"},"modified":"2017-09-25T21:40:45","modified_gmt":"2017-09-25T21:40:45","slug":"retrato-de-birgit","status":"publish","type":"post","link":"http:\/\/www.alfonsoromero.com\/blog\/obras\/retratos\/retrato-de-birgit\/","title":{"rendered":"Retrato de Birgit"},"content":{"rendered":"<p>Este es un retrato a l\u00e1piz de Birgit (Weber) que realic\u00e9 en Valencia a finales de 1997 cuando vino un grupo de alemanes a nuestra residencia que estaba haciendo unas pr\u00e1cticas laborales con la beca Leonardo.<\/p>\n<p><a href=\"http:\/\/www.alfonsoromero.com\/blog\/wp-content\/uploads\/2017\/09\/Retrato_Birgit.jpg\" target=\"_blank\" rel=\"noopener\"><img decoding=\"async\" loading=\"lazy\" class=\"aligncenter wp-image-1004 size-large\" src=\"http:\/\/www.alfonsoromero.com\/blog\/wp-content\/uploads\/2017\/09\/Retrato_Birgit-682x1024.jpg\" alt=\"\" width=\"682\" height=\"1024\" srcset=\"http:\/\/www.alfonsoromero.com\/blog\/wp-content\/uploads\/2017\/09\/Retrato_Birgit-682x1024.jpg 682w, http:\/\/www.alfonsoromero.com\/blog\/wp-content\/uploads\/2017\/09\/Retrato_Birgit-200x300.jpg 200w, http:\/\/www.alfonsoromero.com\/blog\/wp-content\/uploads\/2017\/09\/Retrato_Birgit-768x1154.jpg 768w, http:\/\/www.alfonsoromero.com\/blog\/wp-content\/uploads\/2017\/09\/Retrato_Birgit.jpg 1896w\" sizes=\"(max-width: 682px) 100vw, 682px\" \/><\/a><\/p>\n","protected":false},"excerpt":{"rendered":"<p>Este es un retrato a l\u00e1piz de Birgit (Weber) que realic\u00e9 en Valencia a finales de 1997 cuando vino un grupo de alemanes a nuestra residencia que estaba haciendo unas pr\u00e1cticas laborales con la beca Leonardo.<\/p>\n","protected":false},"author":1,"featured_media":1005,"comment_status":"open","ping_status":"open","sticky":false,"template":"","format":"standard","meta":[],"categories":[8,5],"tags":[28,40],"_links":{"self":[{"href":"http:\/\/www.alfonsoromero.com\/blog\/wp-json\/wp\/v2\/posts\/1003"}],"collection":[{"href":"http:\/\/www.alfonsoromero.com\/blog\/wp-json\/wp\/v2\/posts"}],"about":[{"href":"http:\/\/www.alfonsoromero.com\/blog\/wp-json\/wp\/v2\/types\/post"}],"author":[{"embeddable":true,"href":"http:\/\/www.alfonsoromero.com\/blog\/wp-json\/wp\/v2\/users\/1"}],"replies":[{"embeddable":true,"href":"http:\/\/www.alfonsoromero.com\/blog\/wp-json\/wp\/v2\/comments?post=1003"}],"version-history":[{"count":2,"href":"http:\/\/www.alfonsoromero.com\/blog\/wp-json\/wp\/v2\/posts\/1003\/revisions"}],"predecessor-version":[{"id":1007,"href":"http:\/\/www.alfonsoromero.com\/blog\/wp-json\/wp\/v2\/posts\/1003\/revisions\/1007"}],"wp:featuredmedia":[{"embeddable":true,"href":"http:\/\/www.alfonsoromero.com\/blog\/wp-json\/wp\/v2\/media\/1005"}],"wp:attachment":[{"href":"http:\/\/www.alfonsoromero.com\/blog\/wp-json\/wp\/v2\/media?parent=1003"}],"wp:term":[{"taxonomy":"category","embeddable":true,"href":"http:\/\/www.alfonsoromero.com\/blog\/wp-json\/wp\/v2\/categories?post=1003"},{"taxonomy":"post_tag","embeddable":true,"href":"http:\/\/www.alfonsoromero.com\/blog\/wp-json\/wp\/v2\/tags?post=1003"}],"curies":[{"name":"wp","href":"https:\/\/api.w.org\/{rel}","templated":true}]}}