{"id":10,"date":"2012-12-18T23:06:27","date_gmt":"2012-12-18T23:06:27","guid":{"rendered":"http:\/\/www.alfonsoromero.com\/blog\/?p=10"},"modified":"2016-11-07T13:59:55","modified_gmt":"2016-11-07T13:59:55","slug":"paisaje-nevado-de-los-pirineos-3","status":"publish","type":"post","link":"http:\/\/www.alfonsoromero.com\/blog\/obras\/paisaje-nevado-de-los-pirineos-3\/","title":{"rendered":"Paisaje Nevado de los Pirineos 4"},"content":{"rendered":"<p><a href=\"http:\/\/www.alfonsoromero.com\/blog\/wp-content\/uploads\/2012\/12\/Nieve_04.jpg\" target=\"_blank\"><img decoding=\"async\" loading=\"lazy\" class=\"aligncenter wp-image-608 size-medium\" src=\"http:\/\/www.alfonsoromero.com\/blog\/wp-content\/uploads\/2012\/12\/Nieve_04-300x300.jpg\" width=\"300\" height=\"300\" srcset=\"http:\/\/www.alfonsoromero.com\/blog\/wp-content\/uploads\/2012\/12\/Nieve_04-300x300.jpg 300w, http:\/\/www.alfonsoromero.com\/blog\/wp-content\/uploads\/2012\/12\/Nieve_04-150x150.jpg 150w, http:\/\/www.alfonsoromero.com\/blog\/wp-content\/uploads\/2012\/12\/Nieve_04-768x768.jpg 768w, http:\/\/www.alfonsoromero.com\/blog\/wp-content\/uploads\/2012\/12\/Nieve_04.jpg 1000w\" sizes=\"(max-width: 300px) 100vw, 300px\" \/><\/a>En Diciembre pude acabar el cuarto cuadro de la serie de paisajes nevados de monta\u00f1a. En esta ocasi\u00f3n utilic\u00e9 solamente acr\u00edlico para ralizar la obra.<\/p>\n","protected":false},"excerpt":{"rendered":"<p>En Diciembre pude acabar el cuarto cuadro de la serie de paisajes nevados de monta\u00f1a. En esta ocasi\u00f3n utilic\u00e9 solamente acr\u00edlico para ralizar la obra.<\/p>\n","protected":false},"author":1,"featured_media":0,"comment_status":"open","ping_status":"open","sticky":false,"template":"","format":"standard","meta":[],"categories":[4,6,12],"tags":[],"_links":{"self":[{"href":"http:\/\/www.alfonsoromero.com\/blog\/wp-json\/wp\/v2\/posts\/10"}],"collection":[{"href":"http:\/\/www.alfonsoromero.com\/blog\/wp-json\/wp\/v2\/posts"}],"about":[{"href":"http:\/\/www.alfonsoromero.com\/blog\/wp-json\/wp\/v2\/types\/post"}],"author":[{"embeddable":true,"href":"http:\/\/www.alfonsoromero.com\/blog\/wp-json\/wp\/v2\/users\/1"}],"replies":[{"embeddable":true,"href":"http:\/\/www.alfonsoromero.com\/blog\/wp-json\/wp\/v2\/comments?post=10"}],"version-history":[{"count":6,"href":"http:\/\/www.alfonsoromero.com\/blog\/wp-json\/wp\/v2\/posts\/10\/revisions"}],"predecessor-version":[{"id":609,"href":"http:\/\/www.alfonsoromero.com\/blog\/wp-json\/wp\/v2\/posts\/10\/revisions\/609"}],"wp:attachment":[{"href":"http:\/\/www.alfonsoromero.com\/blog\/wp-json\/wp\/v2\/media?parent=10"}],"wp:term":[{"taxonomy":"category","embeddable":true,"href":"http:\/\/www.alfonsoromero.com\/blog\/wp-json\/wp\/v2\/categories?post=10"},{"taxonomy":"post_tag","embeddable":true,"href":"http:\/\/www.alfonsoromero.com\/blog\/wp-json\/wp\/v2\/tags?post=10"}],"curies":[{"name":"wp","href":"https:\/\/api.w.org\/{rel}","templated":true}]}}